{"id":47557,"date":"2025-10-01T14:01:03","date_gmt":"2025-10-01T17:01:03","guid":{"rendered":"http:\/\/masquenoticiastucuman.com.ar\/?p=47557"},"modified":"2025-10-01T14:01:03","modified_gmt":"2025-10-01T17:01:03","slug":"polemica-mundial-con-israel-y-fecha-limite-amnistia-internacional-pidio-a-la-fifa-y-la-uefa-la-suspension-de-su-asociacion-de-futbol","status":"publish","type":"post","link":"https:\/\/masquenoticiastucuman.com.ar\/?p=47557","title":{"rendered":"Pol\u00e9mica mundial con Israel y fecha l\u00edmite: Amnist\u00eda Internacional pidi\u00f3 a la FIFA y la UEFA la suspensi\u00f3n de su asociaci\u00f3n de f\u00fatbol"},"content":{"rendered":"<ul>\n<li>Se basa en se\u00f1alar a seis clubes con sedes en asentamientos en territorio palestino.<\/li>\n<li>La carta recuerda el &#8220;genocidio&#8221; que Israel est\u00e1 perpetrando en Gaza. <\/li>\n<li>El Consejo de la FIFA se re\u00fane este jueves y se espera que la queja sea debatida.<\/li>\n<\/ul>","protected":false},"excerpt":{"rendered":"<p>Se basa en se\u00f1alar a seis clubes con sedes en asentamientos en territorio palestino. La&#8230;<\/p>\n","protected":false},"author":1,"featured_media":0,"comment_status":"open","ping_status":"open","sticky":false,"template":"","format":"standard","meta":{"footnotes":""},"categories":[6],"tags":[],"class_list":["post-47557","post","type-post","status-publish","format-standard","hentry","category-deportes"],"_links":{"self":[{"href":"https:\/\/masquenoticiastucuman.com.ar\/index.php?rest_route=\/wp\/v2\/posts\/47557","targetHints":{"allow":["GET"]}}],"collection":[{"href":"https:\/\/masquenoticiastucuman.com.ar\/index.php?rest_route=\/wp\/v2\/posts"}],"about":[{"href":"https:\/\/masquenoticiastucuman.com.ar\/index.php?rest_route=\/wp\/v2\/types\/post"}],"author":[{"embeddable":true,"href":"https:\/\/masquenoticiastucuman.com.ar\/index.php?rest_route=\/wp\/v2\/users\/1"}],"replies":[{"embeddable":true,"href":"https:\/\/masquenoticiastucuman.com.ar\/index.php?rest_route=%2Fwp%2Fv2%2Fcomments&post=47557"}],"version-history":[{"count":0,"href":"https:\/\/masquenoticiastucuman.com.ar\/index.php?rest_route=\/wp\/v2\/posts\/47557\/revisions"}],"wp:attachment":[{"href":"https:\/\/masquenoticiastucuman.com.ar\/index.php?rest_route=%2Fwp%2Fv2%2Fmedia&parent=47557"}],"wp:term":[{"taxonomy":"category","embeddable":true,"href":"https:\/\/masquenoticiastucuman.com.ar\/index.php?rest_route=%2Fwp%2Fv2%2Fcategories&post=47557"},{"taxonomy":"post_tag","embeddable":true,"href":"https:\/\/masquenoticiastucuman.com.ar\/index.php?rest_route=%2Fwp%2Fv2%2Ftags&post=47557"}],"curies":[{"name":"wp","href":"https:\/\/api.w.org\/{rel}","templated":true}]}}