{"id":47575,"date":"2025-10-01T18:01:02","date_gmt":"2025-10-01T21:01:02","guid":{"rendered":"http:\/\/masquenoticiastucuman.com.ar\/?p=47575"},"modified":"2025-10-01T18:01:02","modified_gmt":"2025-10-01T21:01:02","slug":"vuelve-a-llover-en-las-zonas-inundadas-el-pronostico-de-corto-y-mediano-plazo-para-la-region","status":"publish","type":"post","link":"https:\/\/masquenoticiastucuman.com.ar\/?p=47575","title":{"rendered":"\u00bfVuelve a llover en las zonas inundadas? El pron\u00f3stico de corto y mediano plazo para la regi\u00f3n"},"content":{"rendered":"<ul>\n<li>Para este fin de semana se esperan nuevas precipitaciones en el centro-oeste y noreste de Buenos Aires. <\/li>\n<li>En el Pac\u00edfico llega una Ni\u00f1a, pero sus efectos se ver\u00e1n atenuados en la Pampa H\u00fameda.<\/li>\n<\/ul>","protected":false},"excerpt":{"rendered":"<p>Para este fin de semana se esperan nuevas precipitaciones en el centro-oeste y noreste de&#8230;<\/p>\n","protected":false},"author":1,"featured_media":0,"comment_status":"open","ping_status":"open","sticky":false,"template":"","format":"standard","meta":{"footnotes":""},"categories":[],"tags":[],"class_list":["post-47575","post","type-post","status-publish","format-standard","hentry"],"_links":{"self":[{"href":"https:\/\/masquenoticiastucuman.com.ar\/index.php?rest_route=\/wp\/v2\/posts\/47575","targetHints":{"allow":["GET"]}}],"collection":[{"href":"https:\/\/masquenoticiastucuman.com.ar\/index.php?rest_route=\/wp\/v2\/posts"}],"about":[{"href":"https:\/\/masquenoticiastucuman.com.ar\/index.php?rest_route=\/wp\/v2\/types\/post"}],"author":[{"embeddable":true,"href":"https:\/\/masquenoticiastucuman.com.ar\/index.php?rest_route=\/wp\/v2\/users\/1"}],"replies":[{"embeddable":true,"href":"https:\/\/masquenoticiastucuman.com.ar\/index.php?rest_route=%2Fwp%2Fv2%2Fcomments&post=47575"}],"version-history":[{"count":0,"href":"https:\/\/masquenoticiastucuman.com.ar\/index.php?rest_route=\/wp\/v2\/posts\/47575\/revisions"}],"wp:attachment":[{"href":"https:\/\/masquenoticiastucuman.com.ar\/index.php?rest_route=%2Fwp%2Fv2%2Fmedia&parent=47575"}],"wp:term":[{"taxonomy":"category","embeddable":true,"href":"https:\/\/masquenoticiastucuman.com.ar\/index.php?rest_route=%2Fwp%2Fv2%2Fcategories&post=47575"},{"taxonomy":"post_tag","embeddable":true,"href":"https:\/\/masquenoticiastucuman.com.ar\/index.php?rest_route=%2Fwp%2Fv2%2Ftags&post=47575"}],"curies":[{"name":"wp","href":"https:\/\/api.w.org\/{rel}","templated":true}]}}