{"id":47585,"date":"2025-10-01T22:01:03","date_gmt":"2025-10-02T01:01:03","guid":{"rendered":"http:\/\/masquenoticiastucuman.com.ar\/?p=47585"},"modified":"2025-10-01T22:01:03","modified_gmt":"2025-10-02T01:01:03","slug":"riquelme-volvio-a-hablar-luego-de-tres-meses-y-sobre-miguel-russo-en-boca-dijo-es-un-genio-como-maneja-algunas-cosas","status":"publish","type":"post","link":"https:\/\/masquenoticiastucuman.com.ar\/?p=47585","title":{"rendered":"Riquelme volvi\u00f3 a hablar luego de tres meses y sobre Miguel Russo en Boca dijo: &#8220;Es un genio c\u00f3mo maneja algunas cosas&#8221;"},"content":{"rendered":"<ul>\n<li>El presidente de Boca realiz\u00f3 declaraciones a trav\u00e9s del canal oficial del club.<\/li>\n<li>Destac\u00f3 el armado del grupo por parte del entrenador.<\/li>\n<li>Tambi\u00e9n elogi\u00f3 a Paredes, Cavani y Battaglia.<\/li>\n<\/ul>","protected":false},"excerpt":{"rendered":"<p>El presidente de Boca realiz\u00f3 declaraciones a trav\u00e9s del canal oficial del club. Destac\u00f3 el&#8230;<\/p>\n","protected":false},"author":1,"featured_media":0,"comment_status":"open","ping_status":"open","sticky":false,"template":"","format":"standard","meta":{"footnotes":""},"categories":[6],"tags":[],"class_list":["post-47585","post","type-post","status-publish","format-standard","hentry","category-deportes"],"_links":{"self":[{"href":"https:\/\/masquenoticiastucuman.com.ar\/index.php?rest_route=\/wp\/v2\/posts\/47585","targetHints":{"allow":["GET"]}}],"collection":[{"href":"https:\/\/masquenoticiastucuman.com.ar\/index.php?rest_route=\/wp\/v2\/posts"}],"about":[{"href":"https:\/\/masquenoticiastucuman.com.ar\/index.php?rest_route=\/wp\/v2\/types\/post"}],"author":[{"embeddable":true,"href":"https:\/\/masquenoticiastucuman.com.ar\/index.php?rest_route=\/wp\/v2\/users\/1"}],"replies":[{"embeddable":true,"href":"https:\/\/masquenoticiastucuman.com.ar\/index.php?rest_route=%2Fwp%2Fv2%2Fcomments&post=47585"}],"version-history":[{"count":0,"href":"https:\/\/masquenoticiastucuman.com.ar\/index.php?rest_route=\/wp\/v2\/posts\/47585\/revisions"}],"wp:attachment":[{"href":"https:\/\/masquenoticiastucuman.com.ar\/index.php?rest_route=%2Fwp%2Fv2%2Fmedia&parent=47585"}],"wp:term":[{"taxonomy":"category","embeddable":true,"href":"https:\/\/masquenoticiastucuman.com.ar\/index.php?rest_route=%2Fwp%2Fv2%2Fcategories&post=47585"},{"taxonomy":"post_tag","embeddable":true,"href":"https:\/\/masquenoticiastucuman.com.ar\/index.php?rest_route=%2Fwp%2Fv2%2Ftags&post=47585"}],"curies":[{"name":"wp","href":"https:\/\/api.w.org\/{rel}","templated":true}]}}