{"id":47593,"date":"2025-10-02T03:01:02","date_gmt":"2025-10-02T06:01:02","guid":{"rendered":"http:\/\/masquenoticiastucuman.com.ar\/?p=47593"},"modified":"2025-10-02T03:01:02","modified_gmt":"2025-10-02T06:01:02","slug":"el-gobierno-le-aplico-derecho-de-admision-por-tiempo-indeterminado-al-primer-barra-de-independiente-detenido-tras-la-barbarie-ante-la-universidad-de-chile","status":"publish","type":"post","link":"https:\/\/masquenoticiastucuman.com.ar\/?p=47593","title":{"rendered":"El Gobierno le aplic\u00f3 derecho de admisi\u00f3n por tiempo indeterminado al primer barra de Independiente detenido tras la barbarie ante la Universidad de Chile"},"content":{"rendered":"<ul>\n<li>Se trata de Federico Jim\u00e9nez Arg\u00fcello, quien hab\u00eda sido arrestado cuando pretend\u00eda ingresar a la cancha de Berazategui para un partido de la Primera C.<\/li>\n<\/ul>","protected":false},"excerpt":{"rendered":"<p>Se trata de Federico Jim\u00e9nez Arg\u00fcello, quien hab\u00eda sido arrestado cuando pretend\u00eda ingresar a la&#8230;<\/p>\n","protected":false},"author":1,"featured_media":0,"comment_status":"open","ping_status":"open","sticky":false,"template":"","format":"standard","meta":{"footnotes":""},"categories":[6],"tags":[],"class_list":["post-47593","post","type-post","status-publish","format-standard","hentry","category-deportes"],"_links":{"self":[{"href":"https:\/\/masquenoticiastucuman.com.ar\/index.php?rest_route=\/wp\/v2\/posts\/47593","targetHints":{"allow":["GET"]}}],"collection":[{"href":"https:\/\/masquenoticiastucuman.com.ar\/index.php?rest_route=\/wp\/v2\/posts"}],"about":[{"href":"https:\/\/masquenoticiastucuman.com.ar\/index.php?rest_route=\/wp\/v2\/types\/post"}],"author":[{"embeddable":true,"href":"https:\/\/masquenoticiastucuman.com.ar\/index.php?rest_route=\/wp\/v2\/users\/1"}],"replies":[{"embeddable":true,"href":"https:\/\/masquenoticiastucuman.com.ar\/index.php?rest_route=%2Fwp%2Fv2%2Fcomments&post=47593"}],"version-history":[{"count":0,"href":"https:\/\/masquenoticiastucuman.com.ar\/index.php?rest_route=\/wp\/v2\/posts\/47593\/revisions"}],"wp:attachment":[{"href":"https:\/\/masquenoticiastucuman.com.ar\/index.php?rest_route=%2Fwp%2Fv2%2Fmedia&parent=47593"}],"wp:term":[{"taxonomy":"category","embeddable":true,"href":"https:\/\/masquenoticiastucuman.com.ar\/index.php?rest_route=%2Fwp%2Fv2%2Fcategories&post=47593"},{"taxonomy":"post_tag","embeddable":true,"href":"https:\/\/masquenoticiastucuman.com.ar\/index.php?rest_route=%2Fwp%2Fv2%2Ftags&post=47593"}],"curies":[{"name":"wp","href":"https:\/\/api.w.org\/{rel}","templated":true}]}}