{"id":47601,"date":"2025-10-02T07:15:43","date_gmt":"2025-10-02T10:15:43","guid":{"rendered":"https:\/\/masquenoticiastucuman.com.ar\/?p=47601"},"modified":"2025-10-02T07:15:43","modified_gmt":"2025-10-02T10:15:43","slug":"el-ipsst-presento-su-nueva-aplicacion-movil-para-mejorar-el-acceso-de-los-afiliados","status":"publish","type":"post","link":"https:\/\/masquenoticiastucuman.com.ar\/?p=47601","title":{"rendered":"El IPSST present\u00f3 su nueva aplicaci\u00f3n m\u00f3vil para mejorar el acceso de los afiliados"},"content":{"rendered":"\n<p>La herramienta representa un paso clave en el proceso de modernizaci\u00f3n digital de la obra social y busca brindar mayor accesibilidad, transparencia y agilidad a sus afiliados.<\/p>\n\n\n\n<p id=\"isPasted\">En un acto encabezado por el vicegobernador, a cargo del Poder Ejecutivo,<strong>&nbsp;Miguel Acevedo,&nbsp;<\/strong>el Instituto de Previsi\u00f3n y Seguridad Social de Tucum\u00e1n (IPSST) present\u00f3 oficialmente su nueva aplicaci\u00f3n m\u00f3vil, una herramienta clave en el proceso de modernizaci\u00f3n digital que viene desarrollando la obra social provincial.<\/p>\n\n\n\n<p>Acompa\u00f1aron el lanzamiento el ministro de Econom\u00eda y Producci\u00f3n,&nbsp;<strong>Daniel Abad<\/strong>; el ministro de Gobierno y Justicia,&nbsp;<strong>Regino Amado;<\/strong>&nbsp;el ministro de Salud,<strong>&nbsp;<\/strong><strong>Luis Medina Ruiz;<\/strong>&nbsp;la interventora del IPSST,<strong>&nbsp;Helena Hurtado;&nbsp;<\/strong>la fiscal de Estado,<strong>&nbsp;Gilda Pedicone de Valls<\/strong>; el secretario general de la Gobernaci\u00f3n,<strong>&nbsp;Federico Nazur;<\/strong>&nbsp;los legisladores&nbsp;<strong>Gabriel Yedlin&nbsp;<\/strong>y<strong>&nbsp;Alberto Olea<\/strong>&nbsp;y el&nbsp;secretario general de Atepyss<strong>,<\/strong>&nbsp;<strong>Andr\u00e9s Jaime.<\/strong><\/p>\n\n\n\n<p><em>En la ocasi\u00f3n, Acevedo, Medina Ruiz y Hurtado hicieron llegar su saludo y reconocimiento a los empleados del Subsidio de Salud, en el marco del D\u00eda del Empleado del IPSST.<\/em><\/p>\n\n\n\n<p id=\"isPasted\">\u201cEsta es la obra social de los trabajadores. En un contexto donde muchas veces se critica al empleo p\u00fablico, nosotros trabajamos para fortalecerlo y acercarlo a la gente\u201d, expres\u00f3 Acevedo.<\/p>\n\n\n\n<p>\u201cEsto es modernizar el Estado: facilitar tr\u00e1mites, cuidar mejor y usar la tecnolog\u00eda para estar m\u00e1s cerca del afiliado\u201d, sostuvo el vicegobernador.<\/p>\n\n\n\n<p>Tambi\u00e9n resalt\u00f3 la posibilidad de utilizar la app para el seguimiento cl\u00ednico y la detecci\u00f3n temprana de problem\u00e1ticas como la salud mental, eje de trabajo conjunto entre el Ejecutivo y el Legislativo.<\/p>\n\n\n\n<p>Finalmente, celebr\u00f3 que la herramienta concreta uno de los compromisos asumidos por el gobernador Osvaldo Jaldo: Despapelizar y digitalizar el sistema p\u00fablico.<\/p>\n\n\n\n<blockquote class=\"wp-block-quote is-layout-flow wp-block-quote-is-layout-flow\">\n<p id=\"isPasted\">\u201cDesde el primer d\u00eda, el gobernador&nbsp;<strong>Osvaldo Jaldo&nbsp;<\/strong>y el vicegobernador Acevedo nos pidieron estar cerca de la gente, no solo f\u00edsicamente, sino tambi\u00e9n virtualmente. Esta aplicaci\u00f3n responde a ese mandato, porque fortalece el v\u00ednculo con los afiliados de manera directa y transparente\u201d, afirm\u00f3 Medina Ruiz.<\/p>\n<\/blockquote>\n\n\n\n<p>El titular de la cartera sanitaria resalt\u00f3 adem\u00e1s que este tipo de avances tecnol\u00f3gicos contribuyen a reducir las desigualdades en el acceso a la salud, especialmente para quienes viven en el interior de la provincia.<\/p>\n\n\n\n<p>\u201cLa idea es que un paciente que vive lejos no tenga diferencias en la atenci\u00f3n, ni en cantidad, ni en calidad, ni en acceso. Y lo estamos logrando\u201d, asegur\u00f3. Y a\u00f1adi\u00f3 que: \u201cEs valiosa tambi\u00e9n para el m\u00e9dico que necesita derivar a un paciente y puede consultar r\u00e1pidamente si un colega de una especialidad espec\u00edfica est\u00e1 dentro de la cartilla\u201d, explic\u00f3.<\/p>\n\n\n\n<p>Finalmente, el ministro celebr\u00f3 la decisi\u00f3n del IPSST de apostar por la digitalizaci\u00f3n como una forma de modernizar los servicios. \u00abVamos por el camino correcto. Deshacernos del papel y adoptar tecnolog\u00eda vigente es avanzar. Esta aplicaci\u00f3n es un gran paso que seguramente se complementar\u00e1 con muchas otras mejoras en beneficio de toda la poblaci\u00f3n\u201d, concluy\u00f3.<\/p>\n\n\n\n<p>La interventora Hurtado, destac\u00f3 la importancia del proceso de modernizaci\u00f3n y digitalizaci\u00f3n que impulsa la obra social, en l\u00ednea con las directivas del gobernador en uso de licencia, Osvaldo Jaldo.<\/p>\n\n\n\n<p>\u201cHoy damos un paso fundamental para acercar a\u00fan m\u00e1s al afiliado a su obra social, con una herramienta que brinda transparencia, accesibilidad y trazabilidad\u201d, se\u00f1al\u00f3.<\/p>\n\n\n\n<p><strong>La aplicaci\u00f3n, denominada IPSST M\u00d3VIL, ya est\u00e1 disponible para afiliados y afiliadas, quienes podr\u00e1n consultar directamente desde sus dispositivos m\u00f3viles:&nbsp;<\/strong>Coberturas y consumos de prestaciones, Cartilla de prestadores actualizada, Token de autorizaci\u00f3n temporal (c\u00f3digo \u00fanico que valida el acceso a servicios m\u00e9dicos), Credenciales digitales para todo el grupo familiar y Notificaciones en tiempo real y mensajes directos con la instituci\u00f3n.<strong><\/strong><\/p>\n\n\n\n<p>La interventora tambi\u00e9n anunci\u00f3 que la implementaci\u00f3n de la app ser\u00e1 progresiva, con instancias de capacitaci\u00f3n especialmente dise\u00f1adas para adultos mayores, a trav\u00e9s de un convenio con la Direcci\u00f3n de Adultos Mayores.<\/p>\n\n\n\n<p>Adem\u00e1s, dijo que \u00aba partir del 1\u00b0 de octubre, los medicamentos indicados en guardias tambi\u00e9n tendr\u00e1n cobertura total por parte de la obra social, sin costo para el afiliado\u201d.<\/p>\n","protected":false},"excerpt":{"rendered":"<p>La herramienta representa un paso clave en el proceso de modernizaci\u00f3n digital de la obra&#8230;<\/p>\n","protected":false},"author":2,"featured_media":0,"comment_status":"open","ping_status":"open","sticky":false,"template":"","format":"standard","meta":{"footnotes":""},"categories":[2],"tags":[],"class_list":["post-47601","post","type-post","status-publish","format-standard","hentry","category-locales"],"_links":{"self":[{"href":"https:\/\/masquenoticiastucuman.com.ar\/index.php?rest_route=\/wp\/v2\/posts\/47601","targetHints":{"allow":["GET"]}}],"collection":[{"href":"https:\/\/masquenoticiastucuman.com.ar\/index.php?rest_route=\/wp\/v2\/posts"}],"about":[{"href":"https:\/\/masquenoticiastucuman.com.ar\/index.php?rest_route=\/wp\/v2\/types\/post"}],"author":[{"embeddable":true,"href":"https:\/\/masquenoticiastucuman.com.ar\/index.php?rest_route=\/wp\/v2\/users\/2"}],"replies":[{"embeddable":true,"href":"https:\/\/masquenoticiastucuman.com.ar\/index.php?rest_route=%2Fwp%2Fv2%2Fcomments&post=47601"}],"version-history":[{"count":1,"href":"https:\/\/masquenoticiastucuman.com.ar\/index.php?rest_route=\/wp\/v2\/posts\/47601\/revisions"}],"predecessor-version":[{"id":47603,"href":"https:\/\/masquenoticiastucuman.com.ar\/index.php?rest_route=\/wp\/v2\/posts\/47601\/revisions\/47603"}],"wp:attachment":[{"href":"https:\/\/masquenoticiastucuman.com.ar\/index.php?rest_route=%2Fwp%2Fv2%2Fmedia&parent=47601"}],"wp:term":[{"taxonomy":"category","embeddable":true,"href":"https:\/\/masquenoticiastucuman.com.ar\/index.php?rest_route=%2Fwp%2Fv2%2Fcategories&post=47601"},{"taxonomy":"post_tag","embeddable":true,"href":"https:\/\/masquenoticiastucuman.com.ar\/index.php?rest_route=%2Fwp%2Fv2%2Ftags&post=47601"}],"curies":[{"name":"wp","href":"https:\/\/api.w.org\/{rel}","templated":true}]}}