{"id":47604,"date":"2025-10-02T10:15:47","date_gmt":"2025-10-02T13:15:47","guid":{"rendered":"https:\/\/masquenoticiastucuman.com.ar\/?p=47604"},"modified":"2025-10-02T10:15:48","modified_gmt":"2025-10-02T13:15:48","slug":"dos-canes-de-la-policia-de-tucuman-hallaron-a-una-mujer-desaparecida-en-lules","status":"publish","type":"post","link":"https:\/\/masquenoticiastucuman.com.ar\/?p=47604","title":{"rendered":"Dos canes de la Polic\u00eda de Tucum\u00e1n hallaron a una mujer desaparecida en Lules"},"content":{"rendered":"\n<p>La joven fue encontrada gracias al olfato de los perros adiestrados en rastreo de personas vivas.<\/p>\n\n\n\n<p>Este mi\u00e9rcoles al mediod\u00eda, la Divisi\u00f3n Canes de la Direcci\u00f3n de Animales de Apoyo Profesional, con los perros Alfa y Rufa, de raza bloodhound, despleg\u00f3 un amplio operativo en Lules para dar con el paradero de una mujer de 30 a\u00f1os, cuya desaparici\u00f3n hab\u00eda sido denunciada horas antes por su madre en la Comisar\u00eda de La Reducci\u00f3n.<\/p>\n\n\n\n<p>Finalmente, cerca de las 15, guiados por los animales que detectaron los rastros, los efectivos hallaron a la joven en la ruta Nacional 38, a la altura del cruce del r\u00edo Colorado, quien se encontraba desorientada, pero en buen estado de salud. Tras ser contenida, fue trasladada a la dependencia policial para los tr\u00e1mites correspondientes.<\/p>\n\n\n\n<p>El operativo estuvo bajo la supervisi\u00f3n de la Direcci\u00f3n General de Unidades Especiales y cont\u00f3 con la intervenci\u00f3n de la Unidad Fiscal de Delitos Complejos.<\/p>\n","protected":false},"excerpt":{"rendered":"<p>La joven fue encontrada gracias al olfato de los perros adiestrados en rastreo de personas&#8230;<\/p>\n","protected":false},"author":2,"featured_media":0,"comment_status":"open","ping_status":"open","sticky":false,"template":"","format":"standard","meta":{"footnotes":""},"categories":[2],"tags":[],"class_list":["post-47604","post","type-post","status-publish","format-standard","hentry","category-locales"],"_links":{"self":[{"href":"https:\/\/masquenoticiastucuman.com.ar\/index.php?rest_route=\/wp\/v2\/posts\/47604","targetHints":{"allow":["GET"]}}],"collection":[{"href":"https:\/\/masquenoticiastucuman.com.ar\/index.php?rest_route=\/wp\/v2\/posts"}],"about":[{"href":"https:\/\/masquenoticiastucuman.com.ar\/index.php?rest_route=\/wp\/v2\/types\/post"}],"author":[{"embeddable":true,"href":"https:\/\/masquenoticiastucuman.com.ar\/index.php?rest_route=\/wp\/v2\/users\/2"}],"replies":[{"embeddable":true,"href":"https:\/\/masquenoticiastucuman.com.ar\/index.php?rest_route=%2Fwp%2Fv2%2Fcomments&post=47604"}],"version-history":[{"count":1,"href":"https:\/\/masquenoticiastucuman.com.ar\/index.php?rest_route=\/wp\/v2\/posts\/47604\/revisions"}],"predecessor-version":[{"id":47624,"href":"https:\/\/masquenoticiastucuman.com.ar\/index.php?rest_route=\/wp\/v2\/posts\/47604\/revisions\/47624"}],"wp:attachment":[{"href":"https:\/\/masquenoticiastucuman.com.ar\/index.php?rest_route=%2Fwp%2Fv2%2Fmedia&parent=47604"}],"wp:term":[{"taxonomy":"category","embeddable":true,"href":"https:\/\/masquenoticiastucuman.com.ar\/index.php?rest_route=%2Fwp%2Fv2%2Fcategories&post=47604"},{"taxonomy":"post_tag","embeddable":true,"href":"https:\/\/masquenoticiastucuman.com.ar\/index.php?rest_route=%2Fwp%2Fv2%2Ftags&post=47604"}],"curies":[{"name":"wp","href":"https:\/\/api.w.org\/{rel}","templated":true}]}}