{"id":47633,"date":"2025-10-02T11:09:02","date_gmt":"2025-10-02T14:09:02","guid":{"rendered":"https:\/\/masquenoticiastucuman.com.ar\/?p=47633"},"modified":"2025-10-02T11:09:02","modified_gmt":"2025-10-02T14:09:02","slug":"detienen-al-joven-acusado-del-crimen-en-las-talitas","status":"publish","type":"post","link":"https:\/\/masquenoticiastucuman.com.ar\/?p=47633","title":{"rendered":"Detienen al joven acusado del crimen en Las Talitas"},"content":{"rendered":"\n<p>El hecho de sangre ocurri\u00f3 en la noche de ayer en el Barrio Valle Hermoso, en Las Talitas, donde la v\u00edctima, identificada como Jonathan Iv\u00e1n Tejeda, de 29 a\u00f1os, recibi\u00f3 un puntazo con un arma blanca a la altura del pecho por parte de otro joven conocido como \u201cMarcelito\u201d, de 21 a\u00f1os<\/p>\n\n\n\n<p id=\"isPasted\">Tras intensas averiguaciones, los efectivos de la Comisar\u00eda El Colmenar detuvieron en la ma\u00f1ana de este jueves al joven acusado apu\u00f1alar y causarle la muerte a otro tras una pelea que ambos protagonizaron en la v\u00eda p\u00fablica.&nbsp;<\/p>\n\n\n\n<p>El hecho ocurri\u00f3 en la noche del mi\u00e9rcoles en el Barrio Valle Hermoso, en Las Talitas, donde la v\u00edctima, identificada como Jonathan Iv\u00e1n Tejeda, de 29 a\u00f1os, recibi\u00f3 un puntazo con un arma blanca a la altura del pecho por parte de otro joven conocido como \u201cMarcelito\u201d, de 21 a\u00f1os. El joven herido fue trasladado al Hospital Avellaneda donde lleg\u00f3 sin vida.<\/p>\n\n\n\n<p>Ante el fat\u00eddico hecho, el fiscal Carlos Sale, titular de la Unidad Fiscal de Homicidios II, dio intervenci\u00f3n al personal de la Divisi\u00f3n Homicidios y al Equipo Cient\u00edfico de Investigaciones Fiscales (ECIF) para trabajar en la escena del crimen.<\/p>\n","protected":false},"excerpt":{"rendered":"<p>El hecho de sangre ocurri\u00f3 en la noche de ayer en el Barrio Valle Hermoso,&#8230;<\/p>\n","protected":false},"author":2,"featured_media":0,"comment_status":"open","ping_status":"open","sticky":false,"template":"","format":"standard","meta":{"footnotes":""},"categories":[2],"tags":[],"class_list":["post-47633","post","type-post","status-publish","format-standard","hentry","category-locales"],"_links":{"self":[{"href":"https:\/\/masquenoticiastucuman.com.ar\/index.php?rest_route=\/wp\/v2\/posts\/47633","targetHints":{"allow":["GET"]}}],"collection":[{"href":"https:\/\/masquenoticiastucuman.com.ar\/index.php?rest_route=\/wp\/v2\/posts"}],"about":[{"href":"https:\/\/masquenoticiastucuman.com.ar\/index.php?rest_route=\/wp\/v2\/types\/post"}],"author":[{"embeddable":true,"href":"https:\/\/masquenoticiastucuman.com.ar\/index.php?rest_route=\/wp\/v2\/users\/2"}],"replies":[{"embeddable":true,"href":"https:\/\/masquenoticiastucuman.com.ar\/index.php?rest_route=%2Fwp%2Fv2%2Fcomments&post=47633"}],"version-history":[{"count":1,"href":"https:\/\/masquenoticiastucuman.com.ar\/index.php?rest_route=\/wp\/v2\/posts\/47633\/revisions"}],"predecessor-version":[{"id":47635,"href":"https:\/\/masquenoticiastucuman.com.ar\/index.php?rest_route=\/wp\/v2\/posts\/47633\/revisions\/47635"}],"wp:attachment":[{"href":"https:\/\/masquenoticiastucuman.com.ar\/index.php?rest_route=%2Fwp%2Fv2%2Fmedia&parent=47633"}],"wp:term":[{"taxonomy":"category","embeddable":true,"href":"https:\/\/masquenoticiastucuman.com.ar\/index.php?rest_route=%2Fwp%2Fv2%2Fcategories&post=47633"},{"taxonomy":"post_tag","embeddable":true,"href":"https:\/\/masquenoticiastucuman.com.ar\/index.php?rest_route=%2Fwp%2Fv2%2Ftags&post=47633"}],"curies":[{"name":"wp","href":"https:\/\/api.w.org\/{rel}","templated":true}]}}