{"id":47638,"date":"2025-10-02T12:01:03","date_gmt":"2025-10-02T15:01:03","guid":{"rendered":"http:\/\/masquenoticiastucuman.com.ar\/?p=47638"},"modified":"2025-10-02T12:01:03","modified_gmt":"2025-10-02T15:01:03","slug":"argentina-de-negro-y-brasil-de-rojo-polemica-por-la-filtracion-de-las-camisetas-suplentes-que-usarian-la-scaloneta-y-el-scratch-en-el-mundial-2026","status":"publish","type":"post","link":"https:\/\/masquenoticiastucuman.com.ar\/?p=47638","title":{"rendered":"\u00bfArgentina de negro y Brasil de rojo?: pol\u00e9mica por la filtraci\u00f3n de las camisetas suplentes que usar\u00edan la Scaloneta y el Scratch en el Mundial 2026"},"content":{"rendered":"<ul>\n<li>Las redes estallaron ante los supuestos modelos que usar\u00edan las selecciones m\u00e1s grandes de Sudam\u00e9rica.<\/li>\n<\/ul>","protected":false},"excerpt":{"rendered":"<p>Las redes estallaron ante los supuestos modelos que usar\u00edan las selecciones m\u00e1s grandes de Sudam\u00e9rica.<\/p>\n","protected":false},"author":1,"featured_media":0,"comment_status":"open","ping_status":"open","sticky":false,"template":"","format":"standard","meta":{"footnotes":""},"categories":[6],"tags":[],"class_list":["post-47638","post","type-post","status-publish","format-standard","hentry","category-deportes"],"_links":{"self":[{"href":"https:\/\/masquenoticiastucuman.com.ar\/index.php?rest_route=\/wp\/v2\/posts\/47638","targetHints":{"allow":["GET"]}}],"collection":[{"href":"https:\/\/masquenoticiastucuman.com.ar\/index.php?rest_route=\/wp\/v2\/posts"}],"about":[{"href":"https:\/\/masquenoticiastucuman.com.ar\/index.php?rest_route=\/wp\/v2\/types\/post"}],"author":[{"embeddable":true,"href":"https:\/\/masquenoticiastucuman.com.ar\/index.php?rest_route=\/wp\/v2\/users\/1"}],"replies":[{"embeddable":true,"href":"https:\/\/masquenoticiastucuman.com.ar\/index.php?rest_route=%2Fwp%2Fv2%2Fcomments&post=47638"}],"version-history":[{"count":0,"href":"https:\/\/masquenoticiastucuman.com.ar\/index.php?rest_route=\/wp\/v2\/posts\/47638\/revisions"}],"wp:attachment":[{"href":"https:\/\/masquenoticiastucuman.com.ar\/index.php?rest_route=%2Fwp%2Fv2%2Fmedia&parent=47638"}],"wp:term":[{"taxonomy":"category","embeddable":true,"href":"https:\/\/masquenoticiastucuman.com.ar\/index.php?rest_route=%2Fwp%2Fv2%2Fcategories&post=47638"},{"taxonomy":"post_tag","embeddable":true,"href":"https:\/\/masquenoticiastucuman.com.ar\/index.php?rest_route=%2Fwp%2Fv2%2Ftags&post=47638"}],"curies":[{"name":"wp","href":"https:\/\/api.w.org\/{rel}","templated":true}]}}