{"id":47644,"date":"2025-10-02T12:35:20","date_gmt":"2025-10-02T15:35:20","guid":{"rendered":"https:\/\/masquenoticiastucuman.com.ar\/?p=47644"},"modified":"2025-10-02T12:35:21","modified_gmt":"2025-10-02T15:35:21","slug":"jaldo-visito-la-escuela-tecnica-n2-lomas-de-tafi","status":"publish","type":"post","link":"https:\/\/masquenoticiastucuman.com.ar\/?p=47644","title":{"rendered":"Jaldo visit\u00f3 la Escuela T\u00e9cnica N\u00b02 Lomas de Taf\u00ed"},"content":{"rendered":"\n<p>El Gobernador en uso de licencia destac\u00f3 la preparaci\u00f3n que brindan los establecimientos t\u00e9cnicos y agrot\u00e9cnicos para la inserci\u00f3n laboral de los j\u00f3venes.<\/p>\n\n\n\n<p>La ministra de Educaci\u00f3n,&nbsp;<strong>Susana Montaldo<\/strong>, encabez\u00f3 esta ma\u00f1ana un recorrido por las aulas y laboratorios de la Escuela T\u00e9cnica N\u00b02 Lomas de Taf\u00ed, donde present\u00f3 herramientas y equipamiento para escuelas t\u00e9cnicas y agrot\u00e9cnicas de la provincia.&nbsp;<\/p>\n\n\n\n<p>De la comitiva formaron parte el gobernador en uso de licencia,&nbsp;<strong>Osvaldo Jaldo<\/strong>; la intendenta de Taf\u00ed Viejo,&nbsp;<strong>Alejandra Rodr\u00edguez<\/strong>; la diputada nacional&nbsp;<strong>Gladys Medina<\/strong>; el legislador&nbsp;<strong>Javier Noguera<\/strong>; el ministro de Interior,&nbsp;<strong>Dar\u00edo Monteros<\/strong>; el ministro de Gobierno y Justicia,&nbsp;<strong>Regino Amado<\/strong>; el ministro de Obras, Infraestructura y Transporte P\u00fablico,&nbsp;<strong>Marcelo Nazur<\/strong>; el ministro de Seguridad,&nbsp;<strong>Eugenio Ag\u00fcero Gamboa<\/strong>; el ministro de Salud P\u00fablica,&nbsp;<strong>Luis Medina Ruiz<\/strong>; la intendenta de La Cocha,&nbsp;<strong>Gabriela Rodr\u00edguez<\/strong>; el secretario de Deportes,&nbsp;<strong>Diego Erroz<\/strong>; el director de la Escuela T\u00e9cnica N\u00b02 de Lomas de Taf\u00ed,&nbsp;<strong>Bruno Ru\u00edz<\/strong>; y la directora de Educaci\u00f3n T\u00e9cnica del Ministerio de Educaci\u00f3n,&nbsp;<strong>Ana Garc\u00eda Salemi.<\/strong><\/p>\n\n\n\n<p>En ese marco, la ministra Montaldo present\u00f3 herramientas y equipamiento para ser distribuidos en las escuelas t\u00e9cnicas y agrot\u00e9cnicas de Tucum\u00e1n, con el objetivo de mejorar la calidad de la ense\u00f1anza y preparar a los estudiantes para el mercado laboral.&nbsp;<\/p>\n\n\n\n<blockquote class=\"wp-block-quote is-layout-flow wp-block-quote-is-layout-flow\">\n<p>\u201cTuvimos la posibilidad de recorrer laboratorios y de ver a los estudiantes aprendiendo con entusiasmo. Ellos se est\u00e1n preparando porque de las escuelas t\u00e9cnicas, cuando egresen, saldr\u00e1n listos para tener una salida laboral. Y hoy, en este mundo de econom\u00eda globalizada, el gran desaf\u00edo es conseguir un trabajo de calidad\u201d, sostuvo Jaldo tras la visita.<\/p>\n<\/blockquote>\n\n\n\n<p>En esa l\u00ednea, el Gobernador en uso de licencia remarc\u00f3: \u201cEstamos recorriendo toda la provincia, d\u00e1ndole prioridad a las \u00e1reas esenciales. El Gobierno de la Provincia, con recursos propios, est\u00e1 atendiendo las \u00e1reas de salud, educaci\u00f3n y seguridad\u201d.&nbsp;<\/p>\n\n\n\n<p>La ministra de Educaci\u00f3n, Susana Montaldo, sostuvo: \u201cQueremos que los estudiantes se preparen con la \u00faltima tecnolog\u00eda. Con las herramientas se benefician alrededor de 4000 alumnos y esto posibilita poder hacer acuerdos con empresas en las que despu\u00e9s muchos de ellos hacen pasant\u00edas y terminan trabajando en ese lugar. As\u00ed que esto, adem\u00e1s de mejorar la educaci\u00f3n, les posibilita una inserci\u00f3n en el mundo del trabajo\u201d.&nbsp;<\/p>\n\n\n\n<figure class=\"wp-block-image size-large\"><img decoding=\"async\" src=\"https:\/\/masquenoticiastucuman.com.ar\/wp-content\/uploads\/2025\/10\/251002121405_10310-1024x682.jpeg\" alt=\"\" class=\"wp-image-47645\" \/><\/figure>\n\n\n\n<p>La inversi\u00f3n en equipamiento estrat\u00e9gico asegura que la formaci\u00f3n est\u00e9 alineada con las necesidades de las empresas y sectores productivos locales. Son m\u00e1s de 4.000 alumnos y alumnas los que se beneficiar\u00e1n con estas herramientas y equipos.<\/p>\n\n\n\n<p>Las escuelas que recibieron equipamiento fueron: T\u00e9cnica de Monteros, T\u00e9cnica de Famaill\u00e1, T\u00e9cnica Rafael Mari\u00f1o, T\u00e9cnica de Lomas de Taf\u00ed, Agrot\u00e9cnica Mariano Ramos, Agrot\u00e9cnica Gastona Sud, Agrot\u00e9cnica Los Pizarros y Escuela Agrot\u00e9cnica Soldado Cajal.<\/p>\n\n\n\n<p><strong>\u201cUna vez m\u00e1s, se pone de manifiesto uno de los pilares fundamentales de este Gobierno Provincial, que es la educaci\u00f3n. Apostamos a eso, creemos fuertemente y lo que queremos es que nuestros ni\u00f1os y adolescentes puedan seguir estudiando y cuenten con todas las herramientas en las escuelas t\u00e9cnicas y agrot\u00e9cnicas de nuestra provincia. En una educaci\u00f3n p\u00fablica, gratuita y de calidad. En eso creemos y vamos a seguir trabajando y apostando a eso\u201d, celebr\u00f3 la intendenta Alejandra Rodr\u00edguez.&nbsp;<\/strong><\/p>\n\n\n\n<p>A su turno, el legislador Javier Noguera remarc\u00f3: \u201cLos pibes est\u00e1n capacit\u00e1ndose, haciendo una apuesta muy firme, s\u00f3lida y consistente para una educaci\u00f3n p\u00fablica, gratuita y de calidad, que es lo que aspiramos para nuestros hijos. Yo soy producto de la educaci\u00f3n p\u00fablica y gratuita, como tambi\u00e9n lo son mis hijos y ojal\u00e1 as\u00ed siga siendo en el futuro tambi\u00e9n para este pa\u00eds que queremos\u201d.<\/p>\n\n\n\n<p>Por su parte, la diputada nacional Gladys Medina destac\u00f3 \u201cla alegr\u00eda de todo el equipo directivo y de la familia de la comunidad educativa de Taf\u00ed Viejo. Este es el Gobierno de la Provincia de Tucum\u00e1n trabajando fuertemente en educaci\u00f3n\u201d.<\/p>\n\n\n\n<p>El ministro de Interior, Dar\u00edo Monteros, recalc\u00f3 \u201cel gran trabajo que est\u00e1n haciendo los chicos en los laboratorios aprendiendo. El Estado provincial viene poniendo \u00e9nfasis en la educaci\u00f3n, porque es uno de los ejes del gobierno de Osvaldo Jaldo\u201d.&nbsp;<\/p>\n\n\n\n<p><strong>Financiamiento<\/strong><\/p>\n\n\n\n<p>Al ser consultado por los medios locales sobre un posible recorte para la educaci\u00f3n t\u00e9cnica en el proyecto de presupuesto nacional 2026, Jaldo sostuvo: \u201cEl presupuesto tiene que pasar por el Congreso, por eso la importancia que tienen estas elecciones del 26 de octubre, para elegir realmente a diputados nacionales que representen genuinamente a la provincia de Tucum\u00e1n\u201d.&nbsp;<\/p>\n\n\n\n<p>Asimismo, el Gobernador en uso de licencia explic\u00f3 que \u201clos diputados tendr\u00e1n que ver c\u00f3mo se mejoran y asignan las partidas necesarias en el tema educativo, porque a Tucum\u00e1n le quitaron el incentivo docente, que significa un 15% en el sueldo del docente. Sin embargo, la Provincia es la que hoy est\u00e1 pagando ese incentivo\u00bb.&nbsp;<\/p>\n\n\n\n<p>Por \u00faltimo, record\u00f3 que el gobierno nacional retir\u00f3 la conectividad docente y la compensaci\u00f3n al transporte p\u00fablico. \u201cSi a esto no lo pagara la Provincia, hoy tendr\u00edamos un boleto del transporte p\u00fablico de pasajero mucho m\u00e1s caro e inaccesible para los m\u00e1s de 600.000 usuarios que usan los colectivos. Por eso el proyecto que mande el presidente (Javier Milei), no tengan duda, va a ser modificado. Los diputados y senadores de la provincia de Tucum\u00e1n van a defender mayoritariamente lo que a Tucum\u00e1n por ley le corresponde y sobre todo en \u00e1reas esenciales\u201d, cerr\u00f3.<\/p>\n","protected":false},"excerpt":{"rendered":"<p>El Gobernador en uso de licencia destac\u00f3 la preparaci\u00f3n que brindan los establecimientos t\u00e9cnicos y&#8230;<\/p>\n","protected":false},"author":2,"featured_media":0,"comment_status":"open","ping_status":"open","sticky":false,"template":"","format":"standard","meta":{"footnotes":""},"categories":[2],"tags":[],"class_list":["post-47644","post","type-post","status-publish","format-standard","hentry","category-locales"],"_links":{"self":[{"href":"https:\/\/masquenoticiastucuman.com.ar\/index.php?rest_route=\/wp\/v2\/posts\/47644","targetHints":{"allow":["GET"]}}],"collection":[{"href":"https:\/\/masquenoticiastucuman.com.ar\/index.php?rest_route=\/wp\/v2\/posts"}],"about":[{"href":"https:\/\/masquenoticiastucuman.com.ar\/index.php?rest_route=\/wp\/v2\/types\/post"}],"author":[{"embeddable":true,"href":"https:\/\/masquenoticiastucuman.com.ar\/index.php?rest_route=\/wp\/v2\/users\/2"}],"replies":[{"embeddable":true,"href":"https:\/\/masquenoticiastucuman.com.ar\/index.php?rest_route=%2Fwp%2Fv2%2Fcomments&post=47644"}],"version-history":[{"count":1,"href":"https:\/\/masquenoticiastucuman.com.ar\/index.php?rest_route=\/wp\/v2\/posts\/47644\/revisions"}],"predecessor-version":[{"id":47647,"href":"https:\/\/masquenoticiastucuman.com.ar\/index.php?rest_route=\/wp\/v2\/posts\/47644\/revisions\/47647"}],"wp:attachment":[{"href":"https:\/\/masquenoticiastucuman.com.ar\/index.php?rest_route=%2Fwp%2Fv2%2Fmedia&parent=47644"}],"wp:term":[{"taxonomy":"category","embeddable":true,"href":"https:\/\/masquenoticiastucuman.com.ar\/index.php?rest_route=%2Fwp%2Fv2%2Fcategories&post=47644"},{"taxonomy":"post_tag","embeddable":true,"href":"https:\/\/masquenoticiastucuman.com.ar\/index.php?rest_route=%2Fwp%2Fv2%2Ftags&post=47644"}],"curies":[{"name":"wp","href":"https:\/\/api.w.org\/{rel}","templated":true}]}}