{"id":47658,"date":"2025-10-02T15:01:02","date_gmt":"2025-10-02T18:01:02","guid":{"rendered":"http:\/\/masquenoticiastucuman.com.ar\/?p=47658"},"modified":"2025-10-02T15:01:02","modified_gmt":"2025-10-02T18:01:02","slug":"gran-noticia-para-racing-en-la-previa-de-river-marcos-rojo-quedara-habilitado-para-jugar-la-liga-profesional","status":"publish","type":"post","link":"https:\/\/masquenoticiastucuman.com.ar\/?p=47658","title":{"rendered":"Gran noticia para Racing en la previa de River: Marcos Rojo quedar\u00e1 habilitado para jugar la Liga Profesional"},"content":{"rendered":"<ul>\n<li>El ex Boca ser\u00e1 habilitado por AFA y estar\u00e1 a disposici\u00f3n de Costas para todas las competencias.<\/li>\n<\/ul>","protected":false},"excerpt":{"rendered":"<p>El ex Boca ser\u00e1 habilitado por AFA y estar\u00e1 a disposici\u00f3n de Costas para todas&#8230;<\/p>\n","protected":false},"author":1,"featured_media":0,"comment_status":"open","ping_status":"open","sticky":false,"template":"","format":"standard","meta":{"footnotes":""},"categories":[6],"tags":[],"class_list":["post-47658","post","type-post","status-publish","format-standard","hentry","category-deportes"],"_links":{"self":[{"href":"https:\/\/masquenoticiastucuman.com.ar\/index.php?rest_route=\/wp\/v2\/posts\/47658","targetHints":{"allow":["GET"]}}],"collection":[{"href":"https:\/\/masquenoticiastucuman.com.ar\/index.php?rest_route=\/wp\/v2\/posts"}],"about":[{"href":"https:\/\/masquenoticiastucuman.com.ar\/index.php?rest_route=\/wp\/v2\/types\/post"}],"author":[{"embeddable":true,"href":"https:\/\/masquenoticiastucuman.com.ar\/index.php?rest_route=\/wp\/v2\/users\/1"}],"replies":[{"embeddable":true,"href":"https:\/\/masquenoticiastucuman.com.ar\/index.php?rest_route=%2Fwp%2Fv2%2Fcomments&post=47658"}],"version-history":[{"count":0,"href":"https:\/\/masquenoticiastucuman.com.ar\/index.php?rest_route=\/wp\/v2\/posts\/47658\/revisions"}],"wp:attachment":[{"href":"https:\/\/masquenoticiastucuman.com.ar\/index.php?rest_route=%2Fwp%2Fv2%2Fmedia&parent=47658"}],"wp:term":[{"taxonomy":"category","embeddable":true,"href":"https:\/\/masquenoticiastucuman.com.ar\/index.php?rest_route=%2Fwp%2Fv2%2Fcategories&post=47658"},{"taxonomy":"post_tag","embeddable":true,"href":"https:\/\/masquenoticiastucuman.com.ar\/index.php?rest_route=%2Fwp%2Fv2%2Ftags&post=47658"}],"curies":[{"name":"wp","href":"https:\/\/api.w.org\/{rel}","templated":true}]}}