{"id":47680,"date":"2025-10-02T18:01:04","date_gmt":"2025-10-02T21:01:04","guid":{"rendered":"http:\/\/masquenoticiastucuman.com.ar\/?p=47680"},"modified":"2025-10-02T18:01:04","modified_gmt":"2025-10-02T21:01:04","slug":"independiente-cerro-la-polemica-por-su-camiseta-atomik-se-bajo-denunciando-amenazas-y-seguira-puma-que-mejoro-la-oferta","status":"publish","type":"post","link":"https:\/\/masquenoticiastucuman.com.ar\/?p=47680","title":{"rendered":"Independiente cerr\u00f3 la pol\u00e9mica por su camiseta: Atomik se baj\u00f3 denunciando amenazas y seguir\u00e1 Puma, que mejor\u00f3 la oferta"},"content":{"rendered":"<ul>\n<li>A principios de semana, la Comisi\u00f3n Directiva hab\u00eda aprobado el cambio, hasta 2031.<\/li>\n<li>Pero los hinchas se quejaron, hicieron una marcha a la sede y se dio vuelta la historia.<\/li>\n<\/ul>","protected":false},"excerpt":{"rendered":"<p>A principios de semana, la Comisi\u00f3n Directiva hab\u00eda aprobado el cambio, hasta 2031. Pero los&#8230;<\/p>\n","protected":false},"author":1,"featured_media":0,"comment_status":"open","ping_status":"open","sticky":false,"template":"","format":"standard","meta":{"footnotes":""},"categories":[6],"tags":[],"class_list":["post-47680","post","type-post","status-publish","format-standard","hentry","category-deportes"],"_links":{"self":[{"href":"https:\/\/masquenoticiastucuman.com.ar\/index.php?rest_route=\/wp\/v2\/posts\/47680","targetHints":{"allow":["GET"]}}],"collection":[{"href":"https:\/\/masquenoticiastucuman.com.ar\/index.php?rest_route=\/wp\/v2\/posts"}],"about":[{"href":"https:\/\/masquenoticiastucuman.com.ar\/index.php?rest_route=\/wp\/v2\/types\/post"}],"author":[{"embeddable":true,"href":"https:\/\/masquenoticiastucuman.com.ar\/index.php?rest_route=\/wp\/v2\/users\/1"}],"replies":[{"embeddable":true,"href":"https:\/\/masquenoticiastucuman.com.ar\/index.php?rest_route=%2Fwp%2Fv2%2Fcomments&post=47680"}],"version-history":[{"count":0,"href":"https:\/\/masquenoticiastucuman.com.ar\/index.php?rest_route=\/wp\/v2\/posts\/47680\/revisions"}],"wp:attachment":[{"href":"https:\/\/masquenoticiastucuman.com.ar\/index.php?rest_route=%2Fwp%2Fv2%2Fmedia&parent=47680"}],"wp:term":[{"taxonomy":"category","embeddable":true,"href":"https:\/\/masquenoticiastucuman.com.ar\/index.php?rest_route=%2Fwp%2Fv2%2Fcategories&post=47680"},{"taxonomy":"post_tag","embeddable":true,"href":"https:\/\/masquenoticiastucuman.com.ar\/index.php?rest_route=%2Fwp%2Fv2%2Ftags&post=47680"}],"curies":[{"name":"wp","href":"https:\/\/api.w.org\/{rel}","templated":true}]}}