{"id":47710,"date":"2025-10-03T06:57:32","date_gmt":"2025-10-03T09:57:32","guid":{"rendered":"https:\/\/masquenoticiastucuman.com.ar\/?p=47710"},"modified":"2025-10-03T06:57:33","modified_gmt":"2025-10-03T09:57:33","slug":"la-casa-de-gobierno-se-tino-de-rosa-en-apoyo-a-la-lucha-contra-el-cancer-de-mama","status":"publish","type":"post","link":"https:\/\/masquenoticiastucuman.com.ar\/?p=47710","title":{"rendered":"La Casa de Gobierno se ti\u00f1\u00f3 de rosa en apoyo a la lucha contra el c\u00e1ncer de mama"},"content":{"rendered":"\n<p>El principal edificio institucional de la provincia se sum\u00f3 a la campa\u00f1a mundial que recuerda durante octubre la relevancia de cuidar la salud.<\/p>\n\n\n\n<p id=\"isPasted\">En el marco del Mes Rosa, la Casa de Gobierno se ilumin\u00f3 esta noche de color rosa como s\u00edmbolo de concientizaci\u00f3n y prevenci\u00f3n contra el c\u00e1ncer de mama.<\/p>\n\n\n\n<p>La iniciativa busca visibilizar la importancia de los controles m\u00e9dicos y la detecci\u00f3n temprana de la enfermedad, promoviendo el acceso a la informaci\u00f3n y el acompa\u00f1amiento a quienes transitan este diagn\u00f3stico.<\/p>\n\n\n\n<p>De esta manera, el principal edificio institucional de la provincia se sum\u00f3 a la campa\u00f1a mundial que recuerda durante octubre la relevancia de cuidar la salud y fomentar h\u00e1bitos preventivos.<\/p>\n","protected":false},"excerpt":{"rendered":"<p>El principal edificio institucional de la provincia se sum\u00f3 a la campa\u00f1a mundial que recuerda&#8230;<\/p>\n","protected":false},"author":2,"featured_media":0,"comment_status":"open","ping_status":"open","sticky":false,"template":"","format":"standard","meta":{"footnotes":""},"categories":[2],"tags":[],"class_list":["post-47710","post","type-post","status-publish","format-standard","hentry","category-locales"],"_links":{"self":[{"href":"https:\/\/masquenoticiastucuman.com.ar\/index.php?rest_route=\/wp\/v2\/posts\/47710","targetHints":{"allow":["GET"]}}],"collection":[{"href":"https:\/\/masquenoticiastucuman.com.ar\/index.php?rest_route=\/wp\/v2\/posts"}],"about":[{"href":"https:\/\/masquenoticiastucuman.com.ar\/index.php?rest_route=\/wp\/v2\/types\/post"}],"author":[{"embeddable":true,"href":"https:\/\/masquenoticiastucuman.com.ar\/index.php?rest_route=\/wp\/v2\/users\/2"}],"replies":[{"embeddable":true,"href":"https:\/\/masquenoticiastucuman.com.ar\/index.php?rest_route=%2Fwp%2Fv2%2Fcomments&post=47710"}],"version-history":[{"count":1,"href":"https:\/\/masquenoticiastucuman.com.ar\/index.php?rest_route=\/wp\/v2\/posts\/47710\/revisions"}],"predecessor-version":[{"id":47712,"href":"https:\/\/masquenoticiastucuman.com.ar\/index.php?rest_route=\/wp\/v2\/posts\/47710\/revisions\/47712"}],"wp:attachment":[{"href":"https:\/\/masquenoticiastucuman.com.ar\/index.php?rest_route=%2Fwp%2Fv2%2Fmedia&parent=47710"}],"wp:term":[{"taxonomy":"category","embeddable":true,"href":"https:\/\/masquenoticiastucuman.com.ar\/index.php?rest_route=%2Fwp%2Fv2%2Fcategories&post=47710"},{"taxonomy":"post_tag","embeddable":true,"href":"https:\/\/masquenoticiastucuman.com.ar\/index.php?rest_route=%2Fwp%2Fv2%2Ftags&post=47710"}],"curies":[{"name":"wp","href":"https:\/\/api.w.org\/{rel}","templated":true}]}}