{"id":47730,"date":"2025-10-03T09:01:03","date_gmt":"2025-10-03T12:01:03","guid":{"rendered":"http:\/\/masquenoticiastucuman.com.ar\/?p=47730"},"modified":"2025-10-03T09:01:03","modified_gmt":"2025-10-03T12:01:03","slug":"valentin-perrone-sufrio-un-estremecedor-accidente-en-el-moto3-de-indonesia-lo-chocaron-por-detras-y-volo-por-el-aire-en-plena-curva","status":"publish","type":"post","link":"https:\/\/masquenoticiastucuman.com.ar\/?p=47730","title":{"rendered":"Valent\u00edn Perrone sufri\u00f3 un estremecedor accidente en el Moto3 de Indonesia: lo chocaron por detr\u00e1s y vol\u00f3 por el aire en plena curva"},"content":{"rendered":"<ul>\n<li>El piloto argentino fue embestido por un rival en la curva 11<\/li>\n<li>Sali\u00f3 despedido y termin\u00f3 en el piso con signos de dolor. <\/li>\n<li>Qu\u00e9 dice el primer parte m\u00e9dico.<\/li>\n<\/ul>","protected":false},"excerpt":{"rendered":"<p>El piloto argentino fue embestido por un rival en la curva 11 Sali\u00f3 despedido y&#8230;<\/p>\n","protected":false},"author":1,"featured_media":0,"comment_status":"open","ping_status":"open","sticky":false,"template":"","format":"standard","meta":{"footnotes":""},"categories":[6],"tags":[],"class_list":["post-47730","post","type-post","status-publish","format-standard","hentry","category-deportes"],"_links":{"self":[{"href":"https:\/\/masquenoticiastucuman.com.ar\/index.php?rest_route=\/wp\/v2\/posts\/47730","targetHints":{"allow":["GET"]}}],"collection":[{"href":"https:\/\/masquenoticiastucuman.com.ar\/index.php?rest_route=\/wp\/v2\/posts"}],"about":[{"href":"https:\/\/masquenoticiastucuman.com.ar\/index.php?rest_route=\/wp\/v2\/types\/post"}],"author":[{"embeddable":true,"href":"https:\/\/masquenoticiastucuman.com.ar\/index.php?rest_route=\/wp\/v2\/users\/1"}],"replies":[{"embeddable":true,"href":"https:\/\/masquenoticiastucuman.com.ar\/index.php?rest_route=%2Fwp%2Fv2%2Fcomments&post=47730"}],"version-history":[{"count":0,"href":"https:\/\/masquenoticiastucuman.com.ar\/index.php?rest_route=\/wp\/v2\/posts\/47730\/revisions"}],"wp:attachment":[{"href":"https:\/\/masquenoticiastucuman.com.ar\/index.php?rest_route=%2Fwp%2Fv2%2Fmedia&parent=47730"}],"wp:term":[{"taxonomy":"category","embeddable":true,"href":"https:\/\/masquenoticiastucuman.com.ar\/index.php?rest_route=%2Fwp%2Fv2%2Fcategories&post=47730"},{"taxonomy":"post_tag","embeddable":true,"href":"https:\/\/masquenoticiastucuman.com.ar\/index.php?rest_route=%2Fwp%2Fv2%2Ftags&post=47730"}],"curies":[{"name":"wp","href":"https:\/\/api.w.org\/{rel}","templated":true}]}}