{"id":47760,"date":"2025-10-04T06:01:02","date_gmt":"2025-10-04T09:01:02","guid":{"rendered":"http:\/\/masquenoticiastucuman.com.ar\/?p=47760"},"modified":"2025-10-04T06:01:02","modified_gmt":"2025-10-04T09:01:02","slug":"un-descubrimiento-clave-para-la-produccion-de-alfalfa","status":"publish","type":"post","link":"https:\/\/masquenoticiastucuman.com.ar\/?p=47760","title":{"rendered":"Un descubrimiento clave para la producci\u00f3n de alfalfa"},"content":{"rendered":"<ul>\n<li>Un estudio realizado por especialistas del INTA identific\u00f3 c\u00f3mo reacciona la alfalfa ante la salinidad del suelo.<\/li>\n<li>El hallazgo podr\u00eda contribuir a desarrollar cultivos m\u00e1s resilientes y a dise\u00f1ar nuevas estrategias de manejo.<\/li>\n<\/ul>","protected":false},"excerpt":{"rendered":"<p>Un estudio realizado por especialistas del INTA identific\u00f3 c\u00f3mo reacciona la alfalfa ante la salinidad&#8230;<\/p>\n","protected":false},"author":1,"featured_media":0,"comment_status":"open","ping_status":"open","sticky":false,"template":"","format":"standard","meta":{"footnotes":""},"categories":[],"tags":[],"class_list":["post-47760","post","type-post","status-publish","format-standard","hentry"],"_links":{"self":[{"href":"https:\/\/masquenoticiastucuman.com.ar\/index.php?rest_route=\/wp\/v2\/posts\/47760","targetHints":{"allow":["GET"]}}],"collection":[{"href":"https:\/\/masquenoticiastucuman.com.ar\/index.php?rest_route=\/wp\/v2\/posts"}],"about":[{"href":"https:\/\/masquenoticiastucuman.com.ar\/index.php?rest_route=\/wp\/v2\/types\/post"}],"author":[{"embeddable":true,"href":"https:\/\/masquenoticiastucuman.com.ar\/index.php?rest_route=\/wp\/v2\/users\/1"}],"replies":[{"embeddable":true,"href":"https:\/\/masquenoticiastucuman.com.ar\/index.php?rest_route=%2Fwp%2Fv2%2Fcomments&post=47760"}],"version-history":[{"count":0,"href":"https:\/\/masquenoticiastucuman.com.ar\/index.php?rest_route=\/wp\/v2\/posts\/47760\/revisions"}],"wp:attachment":[{"href":"https:\/\/masquenoticiastucuman.com.ar\/index.php?rest_route=%2Fwp%2Fv2%2Fmedia&parent=47760"}],"wp:term":[{"taxonomy":"category","embeddable":true,"href":"https:\/\/masquenoticiastucuman.com.ar\/index.php?rest_route=%2Fwp%2Fv2%2Fcategories&post=47760"},{"taxonomy":"post_tag","embeddable":true,"href":"https:\/\/masquenoticiastucuman.com.ar\/index.php?rest_route=%2Fwp%2Fv2%2Ftags&post=47760"}],"curies":[{"name":"wp","href":"https:\/\/api.w.org\/{rel}","templated":true}]}}