{"id":47770,"date":"2025-10-04T09:31:04","date_gmt":"2025-10-04T12:31:04","guid":{"rendered":"http:\/\/masquenoticiastucuman.com.ar\/?p=47770"},"modified":"2025-10-04T09:31:04","modified_gmt":"2025-10-04T12:31:04","slug":"lautaro-rivero-el-tapado-de-river-que-vendia-alfajores-en-los-semaforos-y-ahora-jugara-en-la-seleccion-con-messi","status":"publish","type":"post","link":"https:\/\/masquenoticiastucuman.com.ar\/?p=47770","title":{"rendered":"Lautaro Rivero, el tapado de River que vend\u00eda alfajores en los sem\u00e1foros y ahora jugar\u00e1 en la Selecci\u00f3n con Messi"},"content":{"rendered":"<ul>\n<li>El zaguero central categor\u00eda 2003 recibi\u00f3 su primera convocatoria a la Mayor.<\/li>\n<li>Estuvo a pr\u00e9stamo en Central C\u00f3rdoba, donde gan\u00f3 la Copa Argentina.<\/li>\n<li>Es oriundo de Moreno, donde tuvo que salir a trabajar desde muy joven.<\/li>\n<\/ul>\n<p>\u200bEl zaguero central categor\u00eda 2003 recibi\u00f3 su primera convocatoria a la Mayor.Estuvo a pr\u00e9stamo en Central C\u00f3rdoba, donde gan\u00f3 la Copa Argentina.Es oriundo de Moreno, donde tuvo que salir a trabajar desde muy joven.\u00a0<a href=\"https:\/\/www.clarin.com\/deportes\/lautaro-rivero-tapado-river-vendia-alfajores-semaforos-ahora-jugara-seleccion-messi_0_GIwJyq0jDh.html\" target=\"_blank\" class=\"feedzy-rss-link-icon\">Read More<\/a><\/p>","protected":false},"excerpt":{"rendered":"<p>El zaguero central categor\u00eda 2003 recibi\u00f3 su primera convocatoria a la Mayor. Estuvo a pr\u00e9stamo&#8230;<\/p>\n","protected":false},"author":1,"featured_media":0,"comment_status":"open","ping_status":"open","sticky":false,"template":"","format":"standard","meta":{"footnotes":""},"categories":[1],"tags":[],"class_list":["post-47770","post","type-post","status-publish","format-standard","hentry","category-uncategorized"],"_links":{"self":[{"href":"https:\/\/masquenoticiastucuman.com.ar\/index.php?rest_route=\/wp\/v2\/posts\/47770","targetHints":{"allow":["GET"]}}],"collection":[{"href":"https:\/\/masquenoticiastucuman.com.ar\/index.php?rest_route=\/wp\/v2\/posts"}],"about":[{"href":"https:\/\/masquenoticiastucuman.com.ar\/index.php?rest_route=\/wp\/v2\/types\/post"}],"author":[{"embeddable":true,"href":"https:\/\/masquenoticiastucuman.com.ar\/index.php?rest_route=\/wp\/v2\/users\/1"}],"replies":[{"embeddable":true,"href":"https:\/\/masquenoticiastucuman.com.ar\/index.php?rest_route=%2Fwp%2Fv2%2Fcomments&post=47770"}],"version-history":[{"count":0,"href":"https:\/\/masquenoticiastucuman.com.ar\/index.php?rest_route=\/wp\/v2\/posts\/47770\/revisions"}],"wp:attachment":[{"href":"https:\/\/masquenoticiastucuman.com.ar\/index.php?rest_route=%2Fwp%2Fv2%2Fmedia&parent=47770"}],"wp:term":[{"taxonomy":"category","embeddable":true,"href":"https:\/\/masquenoticiastucuman.com.ar\/index.php?rest_route=%2Fwp%2Fv2%2Fcategories&post=47770"},{"taxonomy":"post_tag","embeddable":true,"href":"https:\/\/masquenoticiastucuman.com.ar\/index.php?rest_route=%2Fwp%2Fv2%2Ftags&post=47770"}],"curies":[{"name":"wp","href":"https:\/\/api.w.org\/{rel}","templated":true}]}}