{"id":47784,"date":"2025-10-04T10:53:52","date_gmt":"2025-10-04T13:53:52","guid":{"rendered":"https:\/\/masquenoticiastucuman.com.ar\/?p=47784"},"modified":"2025-10-04T11:35:36","modified_gmt":"2025-10-04T14:35:36","slug":"facundo-ale-se-entrego-a-la-justicia-en-la-frontera-con-santiago-del-estero","status":"publish","type":"post","link":"https:\/\/masquenoticiastucuman.com.ar\/?p=47784","title":{"rendered":"Facundo Ale se entreg\u00f3 a la Justicia en la frontera con Santiago del Estero"},"content":{"rendered":"\n<p>\u00c1ngel \u201cEl Mono\u201d Ale confirm\u00f3 que entreg\u00f3 a Facundo Ale a la Justicia despu\u00e9s de tener garant\u00edas sobre la seguridad de \u00e9l y su familia<\/p>\n\n\n\n<p>Facundo Ale estaba pr\u00f3fugo de la justicia por una causa judicial donde se enfrent\u00f3 a tiros con otra facci\u00f3n encabezada por Chucky Casanova, hoy detenido en la c\u00e1rcel de Benjam\u00edn Paz.<\/p>\n\n\n\n<p>En un operativo acordado con las autoridades, Facundo Ale se entreg\u00f3 este jueves en un ca\u00f1averal ubicado en el l\u00edmite entre Tucum\u00e1n y Santiago del Estero, tras permanecer pr\u00f3fugo por su presunta participaci\u00f3n en un tiroteo ocurrido luego de una fiesta en Taf\u00ed Viejo.<\/p>\n\n\n\n<p>La detenci\u00f3n se concret\u00f3 tras negociaciones encabezadas por su padre, \u00c1ngel \u201cEl Mono\u201d Ale, quien reclam\u00f3 garant\u00edas de seguridad para su hijo debido a la rivalidad de la familia con el grupo delictivo conocido como \u201cLos Gardelitos\u201d.<\/p>\n\n\n\n<p>La entrega se realiz\u00f3 sin incidentes y, seg\u00fan su abogado, Facundo Ale no presentaba heridas al momento de ser trasladado.&nbsp;<\/p>\n\n\n\n<p>Durante su rendici\u00f3n, el joven declar\u00f3: \u201cSoy inocente, me defend\u00ed de Los Gardelitos que me quieren matar\u201d.<\/p>\n\n\n\n<p>La Fiscal\u00eda hab\u00eda ofrecido una recompensa de 15 millones de pesos por informaci\u00f3n que permitiera dar con su paradero.<\/p>\n\n\n\n<p>El expediente se encuentra ahora en manos del juzgado competente, que definir\u00e1 los pr\u00f3ximos pasos procesales y continuar\u00e1 la investigaci\u00f3n del violento hecho en Taf\u00ed Viejo.<\/p>\n\n\n\n<p><a href=\"https:\/\/www.instagram.com\/reel\/DPXHu8nDzEG\/?utm_source=ig_web_button_share_sheet&amp;igsh=MWR4ZGo3ODZzNnEzdA==\">https:\/\/www.instagram.com\/reel\/DPXHu8nDzEG\/?utm_source=ig_web_button_share_sheet&amp;igsh=MWR4ZGo3ODZzNnEzdA==<\/a><\/p>\n","protected":false},"excerpt":{"rendered":"<p>\u00c1ngel \u201cEl Mono\u201d Ale confirm\u00f3 que entreg\u00f3 a Facundo Ale a la Justicia despu\u00e9s de&#8230;<\/p>\n","protected":false},"author":2,"featured_media":0,"comment_status":"open","ping_status":"open","sticky":false,"template":"","format":"standard","meta":{"footnotes":""},"categories":[2],"tags":[],"class_list":["post-47784","post","type-post","status-publish","format-standard","hentry","category-locales"],"_links":{"self":[{"href":"https:\/\/masquenoticiastucuman.com.ar\/index.php?rest_route=\/wp\/v2\/posts\/47784","targetHints":{"allow":["GET"]}}],"collection":[{"href":"https:\/\/masquenoticiastucuman.com.ar\/index.php?rest_route=\/wp\/v2\/posts"}],"about":[{"href":"https:\/\/masquenoticiastucuman.com.ar\/index.php?rest_route=\/wp\/v2\/types\/post"}],"author":[{"embeddable":true,"href":"https:\/\/masquenoticiastucuman.com.ar\/index.php?rest_route=\/wp\/v2\/users\/2"}],"replies":[{"embeddable":true,"href":"https:\/\/masquenoticiastucuman.com.ar\/index.php?rest_route=%2Fwp%2Fv2%2Fcomments&post=47784"}],"version-history":[{"count":2,"href":"https:\/\/masquenoticiastucuman.com.ar\/index.php?rest_route=\/wp\/v2\/posts\/47784\/revisions"}],"predecessor-version":[{"id":47790,"href":"https:\/\/masquenoticiastucuman.com.ar\/index.php?rest_route=\/wp\/v2\/posts\/47784\/revisions\/47790"}],"wp:attachment":[{"href":"https:\/\/masquenoticiastucuman.com.ar\/index.php?rest_route=%2Fwp%2Fv2%2Fmedia&parent=47784"}],"wp:term":[{"taxonomy":"category","embeddable":true,"href":"https:\/\/masquenoticiastucuman.com.ar\/index.php?rest_route=%2Fwp%2Fv2%2Fcategories&post=47784"},{"taxonomy":"post_tag","embeddable":true,"href":"https:\/\/masquenoticiastucuman.com.ar\/index.php?rest_route=%2Fwp%2Fv2%2Ftags&post=47784"}],"curies":[{"name":"wp","href":"https:\/\/api.w.org\/{rel}","templated":true}]}}