{"id":47787,"date":"2025-10-04T11:08:40","date_gmt":"2025-10-04T14:08:40","guid":{"rendered":"https:\/\/masquenoticiastucuman.com.ar\/?p=47787"},"modified":"2025-10-04T11:08:40","modified_gmt":"2025-10-04T14:08:40","slug":"el-bombo-leguero-protagonista-de-una-nueva-jornada-cultural-en-tucuman","status":"publish","type":"post","link":"https:\/\/masquenoticiastucuman.com.ar\/?p=47787","title":{"rendered":"El bombo leg\u00fcero, protagonista de una nueva jornada cultural en Tucum\u00e1n"},"content":{"rendered":"\n<p>La tradici\u00f3n y la cultura vuelven a pisar fuerte en el calendario tur\u00edstico de la provincia en el marco de la Marcha de los Bombos.<\/p>\n\n\n\n<p id=\"isPasted\">Con el objetivo de rendir homenaje a la Pachamama, celebrar la cultura popular y reivindicar al bombo como s\u00edmbolo identitario del Norte argentino, se present\u00f3 en el Ente Tucum\u00e1n Turismo (ETT) la 6\u00aa edici\u00f3n de la Marcha de los Bombos en Tucum\u00e1n.<\/p>\n\n\n\n<p>El evento tendr\u00e1 lugar este s\u00e1bado 4 de octubre en la ciudad de San Miguel de Tucum\u00e1n. La jornada incluir\u00e1 un recorrido central encabezado por bombistas y agrupaciones folcl\u00f3ricas, acompa\u00f1ado de espect\u00e1culos art\u00edsticos, ferias de emprendedores y la participaci\u00f3n de artesanos locales.<\/p>\n\n\n\n<p>La iniciativa, organizada por la Asociaci\u00f3n Civil Marcha de los Bombos y acompa\u00f1ada por el Ente Tucum\u00e1n Turismo (ETT), convoca cada a\u00f1o a m\u00fasicos, artesanos, bailarines y familias enteras que, con sus bombos leg\u00fceros, recorren las calles tucumanas para reafirmar la fuerza de la tradici\u00f3n y el v\u00ednculo con nuestra tierra.<\/p>\n\n\n\n<p>La conferencia de lanzamiento se desarroll\u00f3 en la sede del Ente Tucum\u00e1n Turismo encabezada por el secretario general del ETT,<strong>&nbsp;Marcos D\u00edaz<\/strong>; junto a Carolina Lozano, organizadora y representante de la Marcha de los Bombos en Tucum\u00e1n; J<strong>os\u00e9 Ju\u00e1rez,<\/strong>&nbsp;coordinador del evento;&nbsp;<strong>Mart\u00edn Acevedo,&nbsp;<\/strong>artesano tucumano de bombos;<strong>&nbsp;Pablo Carabajal,&nbsp;<\/strong>y&nbsp;<strong>Fernando Burgos,<\/strong>&nbsp;m\u00fasicos invitados.<\/p>\n\n\n\n<p>\u201cEn este caso se trabaj\u00f3 en conjunto con la provincia vecina de Santiago del Estero en la promoci\u00f3n de este evento que decidi\u00f3 celebrar la marcha de los bombos en nuestra Plaza Independencia, lo que nos habla a las claras del Norte Argentino como una regi\u00f3n tur\u00edstica y un producto en s\u00ed mismo\u201d, explic\u00f3 D\u00edaz. El secretario del Ente extendi\u00f3 la invitaci\u00f3n a todos los tucumanos a que se sumen a esta propuesta \u201co bien a alguna de las m\u00faltiples que tendr\u00e1 Tucum\u00e1n este fin de semana, con actividades en la capital, en Choromoro y en Taf\u00ed del Valle\u201d.&nbsp;<\/p>\n\n\n\n<p>\u201cEsperamos que sea una fiesta hermosa, multitudinaria y diversa que transmita el valor identitario de nuestra bombo\u201d, dese\u00f3 Lozano, quien inform\u00f3 que el evento obtuvo la declaratoria de inter\u00e9s provincial por parte del Superior Gobierno de la Provincia. \u201cTendremos dos paradas, una en Casa Hist\u00f3rica donde vamos a homenajear a Mercedes Sosa a 90 a\u00f1os de su natalicio; y la otra en la Facultad de Artes, donde destacaremos nuestro compromiso con la integraci\u00f3n y la discapacidad\u201d, detall\u00f3.<\/p>\n\n\n\n<p>Por \u00faltimo, Ju\u00e1rez, coordinador, precis\u00f3 que adem\u00e1s de m\u00fasicos habr\u00e1 otros artistas que exhibir\u00e1n sus obras en el principal paseo p\u00fablico de la ciudad. \u201cEstaremos hasta las 22, o hasta que nos corran\u201d, brome\u00f3.&nbsp;<\/p>\n\n\n\n<p>La Marcha de los Bombos se consolida as\u00ed como una cita imperdible en el calendario cultural tucumano, reforzando la identidad, la m\u00fasica popular y la hospitalidad de nuestra provincia.<\/p>\n","protected":false},"excerpt":{"rendered":"<p>La tradici\u00f3n y la cultura vuelven a pisar fuerte en el calendario tur\u00edstico de la&#8230;<\/p>\n","protected":false},"author":2,"featured_media":0,"comment_status":"open","ping_status":"open","sticky":false,"template":"","format":"standard","meta":{"footnotes":""},"categories":[2],"tags":[],"class_list":["post-47787","post","type-post","status-publish","format-standard","hentry","category-locales"],"_links":{"self":[{"href":"https:\/\/masquenoticiastucuman.com.ar\/index.php?rest_route=\/wp\/v2\/posts\/47787","targetHints":{"allow":["GET"]}}],"collection":[{"href":"https:\/\/masquenoticiastucuman.com.ar\/index.php?rest_route=\/wp\/v2\/posts"}],"about":[{"href":"https:\/\/masquenoticiastucuman.com.ar\/index.php?rest_route=\/wp\/v2\/types\/post"}],"author":[{"embeddable":true,"href":"https:\/\/masquenoticiastucuman.com.ar\/index.php?rest_route=\/wp\/v2\/users\/2"}],"replies":[{"embeddable":true,"href":"https:\/\/masquenoticiastucuman.com.ar\/index.php?rest_route=%2Fwp%2Fv2%2Fcomments&post=47787"}],"version-history":[{"count":1,"href":"https:\/\/masquenoticiastucuman.com.ar\/index.php?rest_route=\/wp\/v2\/posts\/47787\/revisions"}],"predecessor-version":[{"id":47789,"href":"https:\/\/masquenoticiastucuman.com.ar\/index.php?rest_route=\/wp\/v2\/posts\/47787\/revisions\/47789"}],"wp:attachment":[{"href":"https:\/\/masquenoticiastucuman.com.ar\/index.php?rest_route=%2Fwp%2Fv2%2Fmedia&parent=47787"}],"wp:term":[{"taxonomy":"category","embeddable":true,"href":"https:\/\/masquenoticiastucuman.com.ar\/index.php?rest_route=%2Fwp%2Fv2%2Fcategories&post=47787"},{"taxonomy":"post_tag","embeddable":true,"href":"https:\/\/masquenoticiastucuman.com.ar\/index.php?rest_route=%2Fwp%2Fv2%2Ftags&post=47787"}],"curies":[{"name":"wp","href":"https:\/\/api.w.org\/{rel}","templated":true}]}}