{"id":47795,"date":"2025-10-04T21:31:03","date_gmt":"2025-10-05T00:31:03","guid":{"rendered":"http:\/\/masquenoticiastucuman.com.ar\/?p=47795"},"modified":"2025-10-04T21:31:03","modified_gmt":"2025-10-05T00:31:03","slug":"asi-estan-las-tablas-del-mundial-sub-20-brasil-eliminado-por-espana-en-primera-ronda-y-el-posible-rival-de-argentina-en-octavos","status":"publish","type":"post","link":"https:\/\/masquenoticiastucuman.com.ar\/?p=47795","title":{"rendered":"As\u00ed est\u00e1n las tablas del Mundial Sub-20: Brasil eliminado por Espa\u00f1a en primera ronda y el posible rival de Argentina en octavos"},"content":{"rendered":"<ul>\n<li>La Verdeamarela perdi\u00f3 1-0 contra la &#8216;Roja&#8217; y qued\u00f3 \u00faltima en el grupo C, que gan\u00f3 Marruecos y tuvo como segundo a M\u00e9xico.<\/li>\n<li>Todos los detalles y los cruces de la pr\u00f3xima instancia.<\/li>\n<\/ul>\n<p>\u200bLa Verdeamarela perdi\u00f3 1-0 contra la &#8216;Roja&#8217; y qued\u00f3 \u00faltima en el grupo C, que gan\u00f3 Marruecos y tuvo como segundo a M\u00e9xico.Todos los detalles y los cruces de la pr\u00f3xima instancia.\u00a0<a href=\"https:\/\/www.clarin.com\/deportes\/tablas-mundial-sub-20-brasil-eliminado-espana-primera-ronda-posible-rival-argentina-octavos_0_8hQUWftVz0.html\" target=\"_blank\" class=\"feedzy-rss-link-icon\">Read More<\/a><\/p>","protected":false},"excerpt":{"rendered":"<p>La Verdeamarela perdi\u00f3 1-0 contra la &#8216;Roja&#8217; y qued\u00f3 \u00faltima en el grupo C, que&#8230;<\/p>\n","protected":false},"author":1,"featured_media":0,"comment_status":"open","ping_status":"open","sticky":false,"template":"","format":"standard","meta":{"footnotes":""},"categories":[1],"tags":[],"class_list":["post-47795","post","type-post","status-publish","format-standard","hentry","category-uncategorized"],"_links":{"self":[{"href":"https:\/\/masquenoticiastucuman.com.ar\/index.php?rest_route=\/wp\/v2\/posts\/47795","targetHints":{"allow":["GET"]}}],"collection":[{"href":"https:\/\/masquenoticiastucuman.com.ar\/index.php?rest_route=\/wp\/v2\/posts"}],"about":[{"href":"https:\/\/masquenoticiastucuman.com.ar\/index.php?rest_route=\/wp\/v2\/types\/post"}],"author":[{"embeddable":true,"href":"https:\/\/masquenoticiastucuman.com.ar\/index.php?rest_route=\/wp\/v2\/users\/1"}],"replies":[{"embeddable":true,"href":"https:\/\/masquenoticiastucuman.com.ar\/index.php?rest_route=%2Fwp%2Fv2%2Fcomments&post=47795"}],"version-history":[{"count":0,"href":"https:\/\/masquenoticiastucuman.com.ar\/index.php?rest_route=\/wp\/v2\/posts\/47795\/revisions"}],"wp:attachment":[{"href":"https:\/\/masquenoticiastucuman.com.ar\/index.php?rest_route=%2Fwp%2Fv2%2Fmedia&parent=47795"}],"wp:term":[{"taxonomy":"category","embeddable":true,"href":"https:\/\/masquenoticiastucuman.com.ar\/index.php?rest_route=%2Fwp%2Fv2%2Fcategories&post=47795"},{"taxonomy":"post_tag","embeddable":true,"href":"https:\/\/masquenoticiastucuman.com.ar\/index.php?rest_route=%2Fwp%2Fv2%2Ftags&post=47795"}],"curies":[{"name":"wp","href":"https:\/\/api.w.org\/{rel}","templated":true}]}}