{"id":47799,"date":"2025-10-05T09:31:02","date_gmt":"2025-10-05T12:31:02","guid":{"rendered":"http:\/\/masquenoticiastucuman.com.ar\/?p=47799"},"modified":"2025-10-05T09:31:02","modified_gmt":"2025-10-05T12:31:02","slug":"3i-atlas-el-extrano-cometa-que-desconcierta-a-los-astronomos-y-dispara-teorias-alienigenas","status":"publish","type":"post","link":"https:\/\/masquenoticiastucuman.com.ar\/?p=47799","title":{"rendered":"3I\/ATLAS, el extra\u00f1o cometa que desconcierta a los astr\u00f3nomos y dispara teor\u00edas alien\u00edgenas"},"content":{"rendered":"<ul>\n<li>Aunque tiene la misma apariencia de otros cuerpos celestes, se destaca por su r\u00e1pida transformaci\u00f3n y un curioso color brillante.<\/li>\n<li>Para algunos cient\u00edficos, est\u00e1 relacionado con la misteriosa \u201cse\u00f1al Wow!\u201d captada en 1977.<\/li>\n<\/ul>\n<p>\u200bAunque tiene la misma apariencia de otros cuerpos celestes, se destaca por su r\u00e1pida transformaci\u00f3n y un curioso color brillante.Para algunos cient\u00edficos, est\u00e1 relacionado con la misteriosa \u201cse\u00f1al Wow!\u201d captada en 1977.\u00a0<a href=\"https:\/\/www.clarin.com\/tecnologia\/3iatlas-extrano-cometa-desconcierta-astronomos-dispara-teorias-alienigenas_0_jOYJ0K0WyO.html\" target=\"_blank\" class=\"feedzy-rss-link-icon\">Read More<\/a><\/p>","protected":false},"excerpt":{"rendered":"<p>Aunque tiene la misma apariencia de otros cuerpos celestes, se destaca por su r\u00e1pida transformaci\u00f3n&#8230;<\/p>\n","protected":false},"author":1,"featured_media":0,"comment_status":"open","ping_status":"open","sticky":false,"template":"","format":"standard","meta":{"footnotes":""},"categories":[8],"tags":[],"class_list":["post-47799","post","type-post","status-publish","format-standard","hentry","category-tecnologia"],"_links":{"self":[{"href":"https:\/\/masquenoticiastucuman.com.ar\/index.php?rest_route=\/wp\/v2\/posts\/47799","targetHints":{"allow":["GET"]}}],"collection":[{"href":"https:\/\/masquenoticiastucuman.com.ar\/index.php?rest_route=\/wp\/v2\/posts"}],"about":[{"href":"https:\/\/masquenoticiastucuman.com.ar\/index.php?rest_route=\/wp\/v2\/types\/post"}],"author":[{"embeddable":true,"href":"https:\/\/masquenoticiastucuman.com.ar\/index.php?rest_route=\/wp\/v2\/users\/1"}],"replies":[{"embeddable":true,"href":"https:\/\/masquenoticiastucuman.com.ar\/index.php?rest_route=%2Fwp%2Fv2%2Fcomments&post=47799"}],"version-history":[{"count":0,"href":"https:\/\/masquenoticiastucuman.com.ar\/index.php?rest_route=\/wp\/v2\/posts\/47799\/revisions"}],"wp:attachment":[{"href":"https:\/\/masquenoticiastucuman.com.ar\/index.php?rest_route=%2Fwp%2Fv2%2Fmedia&parent=47799"}],"wp:term":[{"taxonomy":"category","embeddable":true,"href":"https:\/\/masquenoticiastucuman.com.ar\/index.php?rest_route=%2Fwp%2Fv2%2Fcategories&post=47799"},{"taxonomy":"post_tag","embeddable":true,"href":"https:\/\/masquenoticiastucuman.com.ar\/index.php?rest_route=%2Fwp%2Fv2%2Ftags&post=47799"}],"curies":[{"name":"wp","href":"https:\/\/api.w.org\/{rel}","templated":true}]}}