{"id":47809,"date":"2025-10-05T11:37:24","date_gmt":"2025-10-05T14:37:24","guid":{"rendered":"https:\/\/masquenoticiastucuman.com.ar\/?p=47809"},"modified":"2025-10-05T11:37:24","modified_gmt":"2025-10-05T14:37:24","slug":"jaldo-participo-de-las-fiestas-patronales-de-la-virgen-del-rosario-en-burruyacu","status":"publish","type":"post","link":"https:\/\/masquenoticiastucuman.com.ar\/?p=47809","title":{"rendered":"Jaldo particip\u00f3 de las fiestas patronales de la Virgen del Rosario en Burruyac\u00fa"},"content":{"rendered":"\n<p>Se celebr\u00f3 el d\u00eda de la patrona, Nuestra Se\u00f1ora Virgen del Rosario.<\/p>\n\n\n\n<p id=\"isPasted\">El vicegobernador a cargo del Ejecutivo&nbsp;<strong>Miguel Acevedo<\/strong>&nbsp;encabez\u00f3 este s\u00e1bado los festejos conmemorativos en honor a la Virgen del Rosario en Burruyac\u00fa.<\/p>\n\n\n\n<p>Acevedo estuvo acompa\u00f1ado por su esposa,&nbsp;<strong>Miryam Segura;<\/strong>&nbsp;el gobernador en uso de licencia&nbsp;<strong>Osvaldo Jaldo<\/strong>; su esposa&nbsp;<strong>Ana Mar\u00eda Grillo<\/strong>; la diputada nacional&nbsp;<strong>Gladys Medina,<\/strong>&nbsp;el legislador&nbsp;<strong>Javier Noguera.<\/strong>&nbsp;Tambi\u00e9n participan el ministro del Interior&nbsp;<strong>Dar\u00edo Monteros<\/strong>; legislador&nbsp;<strong>Jorge Leal (<\/strong>h); intendente de Burruyac\u00fa,&nbsp;<strong>Jorge Leal<\/strong>&nbsp;(p); de Taf\u00ed Viejo,<strong>&nbsp;Alejandra Rodr\u00edguez<\/strong>; legisladores&nbsp;<strong>Roberto Moreno, Ger\u00f3nimo Vargas Aignasse, Roque Arga\u00f1araz;<\/strong>&nbsp;secretario de Planeamiento,&nbsp;<strong>Javier Morof;<\/strong>&nbsp;del IPLA,<strong>&nbsp;Dante Loza;<\/strong>&nbsp;el subsecretario de Econom\u00eda Popular en el Ministerio de Desarrollo de la Comunidad de la Provincia de Buenos Aires,&nbsp;<strong>Daniel Men\u00e9ndez.<\/strong><\/p>\n\n\n\n<figure class=\"wp-block-image size-large\"><img decoding=\"async\" src=\"https:\/\/masquenoticiastucuman.com.ar\/wp-content\/uploads\/2025\/10\/jaldo-2-1024x704.png\" alt=\"\" class=\"wp-image-47811\" \/><\/figure>\n\n\n\n<p>Acevedo indic\u00f3 que \u201cvenimos a venerar, honrar y agradecer a la Virgen del Rosario, la patrona de este municipio\u201d y agreg\u00f3 que \u201cen Tucum\u00e1n, damos el ejemplo de que el equilibrio fiscal y el super\u00e1vit son herramientas efectivas para brindar m\u00e1s salud, m\u00e1s educaci\u00f3n y realizar obras p\u00fablicas en toda la provincia\u00bb.<\/p>\n\n\n\n<p>Jaldo destac\u00f3 la importancia de acompa\u00f1ar a las comunidades en fechas de profundo significado religioso y cultural. \u201cHoy se est\u00e1 homenajeando y festejando el d\u00eda de la patrona, Nuestra Se\u00f1ora Virgen del Rosario, que derrama bendiciones permanentemente sobre esta ciudad y todo el departamento. Venimos a acompa\u00f1ar al intendente Jorge Leal, a su equipo y al pueblo que siempre nos recibe con tanto cari\u00f1o\u201d, expres\u00f3.<\/p>\n\n\n\n<p>El acto incluy\u00f3 actividades religiosas y un festival gratuito para los vecinos, organizado por el municipio como cierre de la jornada festiva. \u201cPedimos a la Virgen del Rosario que derrame muchas bendiciones sobre este departamento, sobre Tucum\u00e1n y sobre toda nuestra querida patria\u201d, concluy\u00f3 Jaldo.<\/p>\n\n\n\n<p>Leal expres\u00f3 que \u201cestamos en un momento cr\u00edtico, y estas fechas son especialmente relevantes. Es fundamental que, en esta celebraci\u00f3n, pidamos a la Virgen y a Dios que iluminen el camino de quienes nos gobiernan\u00bb.<\/p>\n\n\n\n<p>Hizo hincapi\u00e9 en la dif\u00edcil situaci\u00f3n que atraviesan los sectores populares, quienes enfrentan serias dificultades econ\u00f3micas. \u00abLa gente est\u00e1 pasando un momento muy complicado, no llega a fin de mes. Por eso, es esencial que se ilumine el coraz\u00f3n y el camino de nuestros gobernantes, para que podamos vivir un poco mejor\u00bb, agreg\u00f3.<\/p>\n\n\n\n<p>El intendente se mostr\u00f3 agradecido por la masiva participaci\u00f3n de la comunidad en la celebraci\u00f3n. \u00abEstoy muy contento de recibir a tanta gente y disfrutar de esta fiesta. Pedimos el acompa\u00f1amiento de nuestra Virgen, del Se\u00f1or Jesucristo y de Dios, para que todos los argentinos podamos vivir un poco mejor en el futuro\u00bb, concluy\u00f3.<\/p>\n\n\n\n<p>Medina dijo que \u00abes un honor estar aqu\u00ed, celebrando junto a la comunidad en este d\u00eda tan significativo\u00bb.<\/p>\n\n\n\n<p>La diputada destac\u00f3 que \u00abhoy celebramos no solo el D\u00eda de la Patrona, sino tambi\u00e9n el compromiso de todos los que trabajan por el bienestar de nuestro departamento\u00bb.<\/p>\n\n\n\n<p>Por \u00faltimo, Monteros pidi\u00f3 \u201ca la Virgen que gu\u00ede los destinos del gobernador Jaldo en su mandato, reconociendo su labor por Tucum\u00e1n y lo que a\u00fan queda por hacer en beneficio de los vecinos de la provincia\u201d.<\/p>\n","protected":false},"excerpt":{"rendered":"<p>Se celebr\u00f3 el d\u00eda de la patrona, Nuestra Se\u00f1ora Virgen del Rosario. El vicegobernador a&#8230;<\/p>\n","protected":false},"author":2,"featured_media":0,"comment_status":"open","ping_status":"open","sticky":false,"template":"","format":"standard","meta":{"footnotes":""},"categories":[2],"tags":[],"class_list":["post-47809","post","type-post","status-publish","format-standard","hentry","category-locales"],"_links":{"self":[{"href":"https:\/\/masquenoticiastucuman.com.ar\/index.php?rest_route=\/wp\/v2\/posts\/47809","targetHints":{"allow":["GET"]}}],"collection":[{"href":"https:\/\/masquenoticiastucuman.com.ar\/index.php?rest_route=\/wp\/v2\/posts"}],"about":[{"href":"https:\/\/masquenoticiastucuman.com.ar\/index.php?rest_route=\/wp\/v2\/types\/post"}],"author":[{"embeddable":true,"href":"https:\/\/masquenoticiastucuman.com.ar\/index.php?rest_route=\/wp\/v2\/users\/2"}],"replies":[{"embeddable":true,"href":"https:\/\/masquenoticiastucuman.com.ar\/index.php?rest_route=%2Fwp%2Fv2%2Fcomments&post=47809"}],"version-history":[{"count":1,"href":"https:\/\/masquenoticiastucuman.com.ar\/index.php?rest_route=\/wp\/v2\/posts\/47809\/revisions"}],"predecessor-version":[{"id":47813,"href":"https:\/\/masquenoticiastucuman.com.ar\/index.php?rest_route=\/wp\/v2\/posts\/47809\/revisions\/47813"}],"wp:attachment":[{"href":"https:\/\/masquenoticiastucuman.com.ar\/index.php?rest_route=%2Fwp%2Fv2%2Fmedia&parent=47809"}],"wp:term":[{"taxonomy":"category","embeddable":true,"href":"https:\/\/masquenoticiastucuman.com.ar\/index.php?rest_route=%2Fwp%2Fv2%2Fcategories&post=47809"},{"taxonomy":"post_tag","embeddable":true,"href":"https:\/\/masquenoticiastucuman.com.ar\/index.php?rest_route=%2Fwp%2Fv2%2Ftags&post=47809"}],"curies":[{"name":"wp","href":"https:\/\/api.w.org\/{rel}","templated":true}]}}