{"id":47814,"date":"2025-10-05T12:01:02","date_gmt":"2025-10-05T15:01:02","guid":{"rendered":"http:\/\/masquenoticiastucuman.com.ar\/?p=47814"},"modified":"2025-10-05T12:01:02","modified_gmt":"2025-10-05T15:01:02","slug":"nuestro-pais-tiene-87-de-riesgo-nulo-presentaron-en-anuga-2025-el-sistema-para-cumplir-la-exigencia-de-la-union-europea-de-alimentos-libres-de-deforestacion","status":"publish","type":"post","link":"https:\/\/masquenoticiastucuman.com.ar\/?p=47814","title":{"rendered":"&#8220;Nuestro pa\u00eds tiene 87% de riesgo nulo&#8221;: presentaron en Anuga 2025 el sistema para cumplir la exigencia de la Uni\u00f3n Europea de alimentos libres de deforestaci\u00f3n"},"content":{"rendered":"<ul>\n<li>En el marco de la feria m\u00e1s importante de Europa, el Instituto de Promoci\u00f3n de la Carne Vacuna Argentina (IPCVA) present\u00f3 a importadores alemanes el sistema por el cual nuestro pa\u00eds ya est\u00e1 listo para cumplir con la normativa sobre alimentos libres de deforestaci\u00f3n de la Uni\u00f3n Europea.<\/li>\n<li>Se repetir\u00e1 en los pr\u00f3ximos d\u00edas ante c\u00e1maras de importadores de Holanda, Espa\u00f1a, Italia, B\u00e9lgica y otros pa\u00edses de la U.E.<\/li>\n<\/ul>","protected":false},"excerpt":{"rendered":"<p>En el marco de la feria m\u00e1s importante de Europa, el Instituto de Promoci\u00f3n de&#8230;<\/p>\n","protected":false},"author":1,"featured_media":0,"comment_status":"open","ping_status":"open","sticky":false,"template":"","format":"standard","meta":{"footnotes":""},"categories":[],"tags":[],"class_list":["post-47814","post","type-post","status-publish","format-standard","hentry"],"_links":{"self":[{"href":"https:\/\/masquenoticiastucuman.com.ar\/index.php?rest_route=\/wp\/v2\/posts\/47814","targetHints":{"allow":["GET"]}}],"collection":[{"href":"https:\/\/masquenoticiastucuman.com.ar\/index.php?rest_route=\/wp\/v2\/posts"}],"about":[{"href":"https:\/\/masquenoticiastucuman.com.ar\/index.php?rest_route=\/wp\/v2\/types\/post"}],"author":[{"embeddable":true,"href":"https:\/\/masquenoticiastucuman.com.ar\/index.php?rest_route=\/wp\/v2\/users\/1"}],"replies":[{"embeddable":true,"href":"https:\/\/masquenoticiastucuman.com.ar\/index.php?rest_route=%2Fwp%2Fv2%2Fcomments&post=47814"}],"version-history":[{"count":0,"href":"https:\/\/masquenoticiastucuman.com.ar\/index.php?rest_route=\/wp\/v2\/posts\/47814\/revisions"}],"wp:attachment":[{"href":"https:\/\/masquenoticiastucuman.com.ar\/index.php?rest_route=%2Fwp%2Fv2%2Fmedia&parent=47814"}],"wp:term":[{"taxonomy":"category","embeddable":true,"href":"https:\/\/masquenoticiastucuman.com.ar\/index.php?rest_route=%2Fwp%2Fv2%2Fcategories&post=47814"},{"taxonomy":"post_tag","embeddable":true,"href":"https:\/\/masquenoticiastucuman.com.ar\/index.php?rest_route=%2Fwp%2Fv2%2Ftags&post=47814"}],"curies":[{"name":"wp","href":"https:\/\/api.w.org\/{rel}","templated":true}]}}