{"id":47820,"date":"2025-10-05T21:31:03","date_gmt":"2025-10-06T00:31:03","guid":{"rendered":"http:\/\/masquenoticiastucuman.com.ar\/?p=47820"},"modified":"2025-10-05T21:31:03","modified_gmt":"2025-10-06T00:31:03","slug":"brasil-echo-al-dt-de-la-sub-20-tras-un-nuevo-fracaso-por-que-en-el-pais-vecino-otra-vez-se-habla-de-la-maldicion-del-gato","status":"publish","type":"post","link":"https:\/\/masquenoticiastucuman.com.ar\/?p=47820","title":{"rendered":"Brasil ech\u00f3 al DT de la Sub 20 tras un nuevo fracaso: por qu\u00e9 en el pa\u00eds vecino otra vez se habla de &#8220;la maldici\u00f3n del gato&#8221;"},"content":{"rendered":"<ul>\n<li>Luego de quedar eliminado por primera vez en la fase de grupos de un Mundial Sub 20, la CBF ech\u00f3 a su Ram\u00f3n Menezes.<\/li>\n<li>La Canarinha no tuvo victorias y anot\u00f3 tres goles en la fase de grupos.<\/li>\n<\/ul>\n<p>\u200bLuego de quedar eliminado por primera vez en la fase de grupos de un Mundial Sub 20, la CBF ech\u00f3 a su Ram\u00f3n Menezes.La Canarinha no tuvo victorias y anot\u00f3 tres goles en la fase de grupos.\u00a0<a href=\"https:\/\/www.clarin.com\/deportes\/brasil-echo-dt-sub-20-nuevo-fracaso-pais-vecino-vez-habla-maldicion-gato_0_o9h1zFZuFF.html\" target=\"_blank\" class=\"feedzy-rss-link-icon\">Read More<\/a><\/p>","protected":false},"excerpt":{"rendered":"<p>Luego de quedar eliminado por primera vez en la fase de grupos de un Mundial&#8230;<\/p>\n","protected":false},"author":1,"featured_media":0,"comment_status":"open","ping_status":"open","sticky":false,"template":"","format":"standard","meta":{"footnotes":""},"categories":[1],"tags":[],"class_list":["post-47820","post","type-post","status-publish","format-standard","hentry","category-uncategorized"],"_links":{"self":[{"href":"https:\/\/masquenoticiastucuman.com.ar\/index.php?rest_route=\/wp\/v2\/posts\/47820","targetHints":{"allow":["GET"]}}],"collection":[{"href":"https:\/\/masquenoticiastucuman.com.ar\/index.php?rest_route=\/wp\/v2\/posts"}],"about":[{"href":"https:\/\/masquenoticiastucuman.com.ar\/index.php?rest_route=\/wp\/v2\/types\/post"}],"author":[{"embeddable":true,"href":"https:\/\/masquenoticiastucuman.com.ar\/index.php?rest_route=\/wp\/v2\/users\/1"}],"replies":[{"embeddable":true,"href":"https:\/\/masquenoticiastucuman.com.ar\/index.php?rest_route=%2Fwp%2Fv2%2Fcomments&post=47820"}],"version-history":[{"count":0,"href":"https:\/\/masquenoticiastucuman.com.ar\/index.php?rest_route=\/wp\/v2\/posts\/47820\/revisions"}],"wp:attachment":[{"href":"https:\/\/masquenoticiastucuman.com.ar\/index.php?rest_route=%2Fwp%2Fv2%2Fmedia&parent=47820"}],"wp:term":[{"taxonomy":"category","embeddable":true,"href":"https:\/\/masquenoticiastucuman.com.ar\/index.php?rest_route=%2Fwp%2Fv2%2Fcategories&post=47820"},{"taxonomy":"post_tag","embeddable":true,"href":"https:\/\/masquenoticiastucuman.com.ar\/index.php?rest_route=%2Fwp%2Fv2%2Ftags&post=47820"}],"curies":[{"name":"wp","href":"https:\/\/api.w.org\/{rel}","templated":true}]}}