{"id":47826,"date":"2025-10-06T07:44:14","date_gmt":"2025-10-06T10:44:14","guid":{"rendered":"https:\/\/masquenoticiastucuman.com.ar\/?p=47826"},"modified":"2025-10-06T07:44:14","modified_gmt":"2025-10-06T10:44:14","slug":"facundo-ale-fue-alojado-en-benjamin-paz","status":"publish","type":"post","link":"https:\/\/masquenoticiastucuman.com.ar\/?p=47826","title":{"rendered":"Facundo Ale fue alojado en Benjam\u00edn Paz"},"content":{"rendered":"\n<p>Recordemos que Facundo Ale era buscado intensamente luego de protagonizar una balacera en una fiesta en Taf\u00ed Viejo el fin de semana pasado, trat\u00e1ndose de un enfrentamiento contra \u201cLos Gardelitos\u201d<\/p>\n\n\n\n<p id=\"isPasted\">Tras un importante operativo que involucr\u00f3 a personal de la Polic\u00eda de Tucum\u00e1n y del Servicio Penitenciario, este domingo trasladaron a Facundo Ale hacia la Unidad n\u00famero 1 de Benjam\u00edn Paz.<\/p>\n\n\n\n<p>Recordemos que Facundo Ale era buscado intensamente luego de protagonizar una balacera en una fiesta en Taf\u00ed Viejo el fin de semana pasado, trat\u00e1ndose de un enfrentamiento contra \u201cLos Gardelitos\u201d, conocida banda de la que se sabe existe una disputa que data de hace a\u00f1os entre ambos clanes.<\/p>\n\n\n\n<p>Tras una intensa b\u00fasqueda y un trabajo coordinado de la Polic\u00eda lograron detenerlo este viernes cuando se escond\u00eda en un ca\u00f1averal que se encuentra en el l\u00edmite con la vecina provincia de Santiago del Estero.<\/p>\n\n\n\n<p>El director general del Servicio Penitenciario de Tucum\u00e1n, Ram\u00f3n Quinteros se\u00f1al\u00f3: \u201cEn el d\u00eda de la fecha, aproximadamente a horas 16, fue alojado Juan Facundo Ale quien est\u00e1 imputado en la causa \u00b4Federico Casanova sobre acopio de armas de fuego, municiones y otros delitos\u00b4. En estos momentos est\u00e1 siendo atendido por personal de sanidad, constatando que se encuentra en buen estado de salud\u201d.<\/p>\n\n\n\n<p>Quinteros sostuvo que Ale ser\u00e1 alojado en la Unidad n\u00famero 1 y, adem\u00e1s, indic\u00f3 c\u00f3mo ser\u00e1 el r\u00e9gimen en esa Unidad: \u201cNo podr\u00e1 usar el tel\u00e9fono, tendr\u00e1 permitido una sola visita a la semana por determinado tiempo, su abogado, como defensor, puede venir, pero no tendr\u00e1 los beneficios que puede gozar en una comisar\u00eda o en otro lugar\u201d, afirm\u00f3 el director general.<\/p>\n\n\n\n<p>Por su parte, el subcomisario G\u00f3mez Jos\u00e9, jefe de la Secci\u00f3n Delitos Especiales y Generales del Departamento Inteligencia, quien estuvo encabezando el traslado del detenido, detall\u00f3: \u201cEn el d\u00eda de la fecha se llev\u00f3 a cabo la audiencia de control de detenci\u00f3n del imputado Ale que su se\u00f1or\u00eda Hern\u00e1ndez Mar\u00eda Soledad, entre otras medidas,<\/p>\n\n\n\n<p>dispuso el inmediato traslado del imputado hacia el Complejo Penitenciario Benjam\u00edn Paz. A ra\u00edz de ello es que, en un trabajo coordinado entre Jefatura de Polic\u00eda, el Ministerio de Seguridad y el Servicio Penitenciario de Tucum\u00e1n se dispuso la realizaci\u00f3n de un operativo para dar cumplimiento con lo dispuesto por la jueza\u201d.<\/p>\n\n\n\n<p>El traslado fue llevado a cabo por personal del Cuerpo Especial de Rescate y Operaciones (CERO), Grupo Especial de Apoyo Motorizado (GEAM), Direcci\u00f3n de Operaciones Motorizadas (DOM) y del Departamento Inteligencia.<\/p>\n\n\n\n<p>\u201cEsto habla del trabajo que se vino realizando en forma conjunta de todo el personal policial bajo la supervisi\u00f3n del jefe y subjefe de Polic\u00eda que tuvo sus frutos cuando se logr\u00f3 dar con la detenci\u00f3n de esta persona que era intensamente buscada\u201d, cerr\u00f3 G\u00f3mez.<\/p>\n","protected":false},"excerpt":{"rendered":"<p>Recordemos que Facundo Ale era buscado intensamente luego de protagonizar una balacera en una fiesta&#8230;<\/p>\n","protected":false},"author":2,"featured_media":0,"comment_status":"open","ping_status":"open","sticky":false,"template":"","format":"standard","meta":{"footnotes":""},"categories":[2],"tags":[],"class_list":["post-47826","post","type-post","status-publish","format-standard","hentry","category-locales"],"_links":{"self":[{"href":"https:\/\/masquenoticiastucuman.com.ar\/index.php?rest_route=\/wp\/v2\/posts\/47826","targetHints":{"allow":["GET"]}}],"collection":[{"href":"https:\/\/masquenoticiastucuman.com.ar\/index.php?rest_route=\/wp\/v2\/posts"}],"about":[{"href":"https:\/\/masquenoticiastucuman.com.ar\/index.php?rest_route=\/wp\/v2\/types\/post"}],"author":[{"embeddable":true,"href":"https:\/\/masquenoticiastucuman.com.ar\/index.php?rest_route=\/wp\/v2\/users\/2"}],"replies":[{"embeddable":true,"href":"https:\/\/masquenoticiastucuman.com.ar\/index.php?rest_route=%2Fwp%2Fv2%2Fcomments&post=47826"}],"version-history":[{"count":1,"href":"https:\/\/masquenoticiastucuman.com.ar\/index.php?rest_route=\/wp\/v2\/posts\/47826\/revisions"}],"predecessor-version":[{"id":47828,"href":"https:\/\/masquenoticiastucuman.com.ar\/index.php?rest_route=\/wp\/v2\/posts\/47826\/revisions\/47828"}],"wp:attachment":[{"href":"https:\/\/masquenoticiastucuman.com.ar\/index.php?rest_route=%2Fwp%2Fv2%2Fmedia&parent=47826"}],"wp:term":[{"taxonomy":"category","embeddable":true,"href":"https:\/\/masquenoticiastucuman.com.ar\/index.php?rest_route=%2Fwp%2Fv2%2Fcategories&post=47826"},{"taxonomy":"post_tag","embeddable":true,"href":"https:\/\/masquenoticiastucuman.com.ar\/index.php?rest_route=%2Fwp%2Fv2%2Ftags&post=47826"}],"curies":[{"name":"wp","href":"https:\/\/api.w.org\/{rel}","templated":true}]}}