{"id":47831,"date":"2025-10-06T09:31:02","date_gmt":"2025-10-06T12:31:02","guid":{"rendered":"http:\/\/masquenoticiastucuman.com.ar\/?p=47831"},"modified":"2025-10-06T09:31:02","modified_gmt":"2025-10-06T12:31:02","slug":"sora-2-al-detalle-como-usar-la-polemica-app-viral-de-openai-que-permite-poner-tu-cara-en-cualquier-video","status":"publish","type":"post","link":"https:\/\/masquenoticiastucuman.com.ar\/?p=47831","title":{"rendered":"Sora 2, al detalle: c\u00f3mo usar la pol\u00e9mica app viral de OpenAI que permite poner tu cara en cualquier video"},"content":{"rendered":"<ul>\n<li>La \u00faltima versi\u00f3n del generador de video con inteligencia artificial es furor en redes por crear clips hiperrealistas a partir de una frase simple.<\/li>\n<li>Est\u00e1 disponible en Estados Unidos y Canad\u00e1, aunque con algunos trucos se puede acceder desde otros pa\u00edses.<\/li>\n<\/ul>\n<p>\u200bLa \u00faltima versi\u00f3n del generador de video con inteligencia artificial es furor en redes por crear clips hiperrealistas a partir de una frase simple.Est\u00e1 disponible en Estados Unidos y Canad\u00e1, aunque con algunos trucos se puede acceder desde otros pa\u00edses.\u00a0<a href=\"https:\/\/www.clarin.com\/tecnologia\/sora-2-detalle-usar-polemica-app-viral-openai-permite-poner-cara-cualquier-video_0_g3KR3JUtMt.html\" target=\"_blank\" class=\"feedzy-rss-link-icon\">Read More<\/a><\/p>","protected":false},"excerpt":{"rendered":"<p>La \u00faltima versi\u00f3n del generador de video con inteligencia artificial es furor en redes por&#8230;<\/p>\n","protected":false},"author":1,"featured_media":0,"comment_status":"open","ping_status":"open","sticky":false,"template":"","format":"standard","meta":{"footnotes":""},"categories":[8],"tags":[],"class_list":["post-47831","post","type-post","status-publish","format-standard","hentry","category-tecnologia"],"_links":{"self":[{"href":"https:\/\/masquenoticiastucuman.com.ar\/index.php?rest_route=\/wp\/v2\/posts\/47831","targetHints":{"allow":["GET"]}}],"collection":[{"href":"https:\/\/masquenoticiastucuman.com.ar\/index.php?rest_route=\/wp\/v2\/posts"}],"about":[{"href":"https:\/\/masquenoticiastucuman.com.ar\/index.php?rest_route=\/wp\/v2\/types\/post"}],"author":[{"embeddable":true,"href":"https:\/\/masquenoticiastucuman.com.ar\/index.php?rest_route=\/wp\/v2\/users\/1"}],"replies":[{"embeddable":true,"href":"https:\/\/masquenoticiastucuman.com.ar\/index.php?rest_route=%2Fwp%2Fv2%2Fcomments&post=47831"}],"version-history":[{"count":0,"href":"https:\/\/masquenoticiastucuman.com.ar\/index.php?rest_route=\/wp\/v2\/posts\/47831\/revisions"}],"wp:attachment":[{"href":"https:\/\/masquenoticiastucuman.com.ar\/index.php?rest_route=%2Fwp%2Fv2%2Fmedia&parent=47831"}],"wp:term":[{"taxonomy":"category","embeddable":true,"href":"https:\/\/masquenoticiastucuman.com.ar\/index.php?rest_route=%2Fwp%2Fv2%2Fcategories&post=47831"},{"taxonomy":"post_tag","embeddable":true,"href":"https:\/\/masquenoticiastucuman.com.ar\/index.php?rest_route=%2Fwp%2Fv2%2Ftags&post=47831"}],"curies":[{"name":"wp","href":"https:\/\/api.w.org\/{rel}","templated":true}]}}