{"id":47845,"date":"2025-10-06T10:47:04","date_gmt":"2025-10-06T13:47:04","guid":{"rendered":"https:\/\/masquenoticiastucuman.com.ar\/?p=47845"},"modified":"2025-10-06T10:47:05","modified_gmt":"2025-10-06T13:47:05","slug":"allanan-una-vivienda-en-alberdi-en-una-causa-por-privacion-ilegitima-de-la-libertad","status":"publish","type":"post","link":"https:\/\/masquenoticiastucuman.com.ar\/?p=47845","title":{"rendered":"Allanan una vivienda en Alberdi en una causa por privaci\u00f3n ileg\u00edtima de la libertad"},"content":{"rendered":"\n<p>Durante la medida judicial, personal policial logr\u00f3 el secuestro de varios tel\u00e9fonos celulares de inter\u00e9s para la investigaci\u00f3n.<\/p>\n\n\n\n<p id=\"isPasted\">En la jornada del s\u00e1bado, un equipo de la&nbsp;<strong>Comisar\u00eda de Alberdi<\/strong>&nbsp;concret\u00f3 un allanamiento en una vivienda vinculada a dos mujeres implicadas en un hecho de privaci\u00f3n ileg\u00edtima de la libertad, donde se secuestraron cuatro tel\u00e9fonos celulares de distintas marcas y modelos, los cuales ser\u00e1n sometidos a pericias para determinar su relaci\u00f3n con la causa investigada.<\/p>\n\n\n\n<p>La investigaci\u00f3n se origin\u00f3 a partir de una denuncia presentada d\u00edas atr\u00e1s, en la que la v\u00edctima manifest\u00f3 haber sido abordada por familiares de su expareja, quienes la agredieron f\u00edsicamente y luego la retuvieron contra su voluntad en un domicilio, donde fue filmada sin su consentimiento y obligada a realizar declaraciones bajo amenazas.<\/p>\n\n\n\n<p>Las actuaciones fueron supervisadas por la unidad fiscal competente, que dispuso el secuestro de los elementos y la continuaci\u00f3n de las medidas judiciales tendientes al esclarecimiento total del caso.<\/p>\n","protected":false},"excerpt":{"rendered":"<p>Durante la medida judicial, personal policial logr\u00f3 el secuestro de varios tel\u00e9fonos celulares de inter\u00e9s&#8230;<\/p>\n","protected":false},"author":2,"featured_media":0,"comment_status":"open","ping_status":"open","sticky":false,"template":"","format":"standard","meta":{"footnotes":""},"categories":[2],"tags":[],"class_list":["post-47845","post","type-post","status-publish","format-standard","hentry","category-locales"],"_links":{"self":[{"href":"https:\/\/masquenoticiastucuman.com.ar\/index.php?rest_route=\/wp\/v2\/posts\/47845","targetHints":{"allow":["GET"]}}],"collection":[{"href":"https:\/\/masquenoticiastucuman.com.ar\/index.php?rest_route=\/wp\/v2\/posts"}],"about":[{"href":"https:\/\/masquenoticiastucuman.com.ar\/index.php?rest_route=\/wp\/v2\/types\/post"}],"author":[{"embeddable":true,"href":"https:\/\/masquenoticiastucuman.com.ar\/index.php?rest_route=\/wp\/v2\/users\/2"}],"replies":[{"embeddable":true,"href":"https:\/\/masquenoticiastucuman.com.ar\/index.php?rest_route=%2Fwp%2Fv2%2Fcomments&post=47845"}],"version-history":[{"count":1,"href":"https:\/\/masquenoticiastucuman.com.ar\/index.php?rest_route=\/wp\/v2\/posts\/47845\/revisions"}],"predecessor-version":[{"id":47847,"href":"https:\/\/masquenoticiastucuman.com.ar\/index.php?rest_route=\/wp\/v2\/posts\/47845\/revisions\/47847"}],"wp:attachment":[{"href":"https:\/\/masquenoticiastucuman.com.ar\/index.php?rest_route=%2Fwp%2Fv2%2Fmedia&parent=47845"}],"wp:term":[{"taxonomy":"category","embeddable":true,"href":"https:\/\/masquenoticiastucuman.com.ar\/index.php?rest_route=%2Fwp%2Fv2%2Fcategories&post=47845"},{"taxonomy":"post_tag","embeddable":true,"href":"https:\/\/masquenoticiastucuman.com.ar\/index.php?rest_route=%2Fwp%2Fv2%2Ftags&post=47845"}],"curies":[{"name":"wp","href":"https:\/\/api.w.org\/{rel}","templated":true}]}}