{"id":47848,"date":"2025-10-06T10:55:03","date_gmt":"2025-10-06T13:55:03","guid":{"rendered":"https:\/\/masquenoticiastucuman.com.ar\/?p=47848"},"modified":"2025-10-06T10:55:04","modified_gmt":"2025-10-06T13:55:04","slug":"la-unidad-regional-capital-y-un-importante-operativo","status":"publish","type":"post","link":"https:\/\/masquenoticiastucuman.com.ar\/?p=47848","title":{"rendered":"La Unidad Regional Capital y un importante operativo"},"content":{"rendered":"\n<p>Mas de 150 polic\u00edas y medio centenar de vehiculos.<\/p>\n\n\n\n<p id=\"isPasted\">En el \u00e1mbito de una causa por amenazas contra el gobernador y las autoridades de la Polic\u00eda, el comisario general Eduardo Luna, jefe de la Unidad Regional Capital, brind\u00f3 detalles de los procedimientos.<\/p>\n\n\n\n<p>En horas de la madrugada del s\u00e1bado, la Unidad Regional Capital llev\u00f3 adelante un importante operativo, que concentr\u00f3 en el Parque Avellaneda, a los pies del monumento al Bicentenario, en tal sentido Luna expres\u00f3, \u201cnos encontramos desarrollando un importante operativo conforme con las directivas del se\u00f1or gobernador, ministro de Seguridad y Jefatura de Polic\u00eda; en la actualidad trabajamos por la causa amenazas de las que fueron v\u00edctimas el se\u00f1or gobernador y nuestros jefes\u201d.<\/p>\n\n\n\n<p>El comisario general Luna explic\u00f3 que las tareas fuern direccionadas en torno a los c\u00f3mplices de los autores de las amenazas, sin dejar de lado la aplicaci\u00f3n del digesto en lo Procesal Penal. Asimismo, Luna agreg\u00f3, \u201ctambi\u00e9n vamos a aplicar la ley de contravenciones y narcomenudeo, mediante puestos de controles fijos para hacer el control del tr\u00e1nsito y aplicar la Ley Nacional de Tr\u00e1nsito, para ello afectamos a 150 polic\u00edas y 50 m\u00f3viles que se van a desplegar todos los puntos de la capital tanto macro como microcentro y barrios perif\u00e9ricos\u201d.<\/p>\n\n\n\n<p>Para cerrar, el jefe de la URC destac\u00f3 la cobertura a\u00e9rea de un helic\u00f3ptero durante todo el operativo, con una tripulaci\u00f3n integrada por oficiales de esa Unidad Regional que coordinar\u00e1 las tareas con los jefes en tierra.<\/p>\n","protected":false},"excerpt":{"rendered":"<p>Mas de 150 polic\u00edas y medio centenar de vehiculos. En el \u00e1mbito de una causa&#8230;<\/p>\n","protected":false},"author":2,"featured_media":0,"comment_status":"open","ping_status":"open","sticky":false,"template":"","format":"standard","meta":{"footnotes":""},"categories":[2],"tags":[],"class_list":["post-47848","post","type-post","status-publish","format-standard","hentry","category-locales"],"_links":{"self":[{"href":"https:\/\/masquenoticiastucuman.com.ar\/index.php?rest_route=\/wp\/v2\/posts\/47848","targetHints":{"allow":["GET"]}}],"collection":[{"href":"https:\/\/masquenoticiastucuman.com.ar\/index.php?rest_route=\/wp\/v2\/posts"}],"about":[{"href":"https:\/\/masquenoticiastucuman.com.ar\/index.php?rest_route=\/wp\/v2\/types\/post"}],"author":[{"embeddable":true,"href":"https:\/\/masquenoticiastucuman.com.ar\/index.php?rest_route=\/wp\/v2\/users\/2"}],"replies":[{"embeddable":true,"href":"https:\/\/masquenoticiastucuman.com.ar\/index.php?rest_route=%2Fwp%2Fv2%2Fcomments&post=47848"}],"version-history":[{"count":1,"href":"https:\/\/masquenoticiastucuman.com.ar\/index.php?rest_route=\/wp\/v2\/posts\/47848\/revisions"}],"predecessor-version":[{"id":47850,"href":"https:\/\/masquenoticiastucuman.com.ar\/index.php?rest_route=\/wp\/v2\/posts\/47848\/revisions\/47850"}],"wp:attachment":[{"href":"https:\/\/masquenoticiastucuman.com.ar\/index.php?rest_route=%2Fwp%2Fv2%2Fmedia&parent=47848"}],"wp:term":[{"taxonomy":"category","embeddable":true,"href":"https:\/\/masquenoticiastucuman.com.ar\/index.php?rest_route=%2Fwp%2Fv2%2Fcategories&post=47848"},{"taxonomy":"post_tag","embeddable":true,"href":"https:\/\/masquenoticiastucuman.com.ar\/index.php?rest_route=%2Fwp%2Fv2%2Ftags&post=47848"}],"curies":[{"name":"wp","href":"https:\/\/api.w.org\/{rel}","templated":true}]}}