{"id":47853,"date":"2025-10-06T12:03:11","date_gmt":"2025-10-06T15:03:11","guid":{"rendered":"https:\/\/masquenoticiastucuman.com.ar\/?p=47853"},"modified":"2025-10-06T12:03:12","modified_gmt":"2025-10-06T15:03:12","slug":"acevedo-distinguio-a-la-cientifica-carla-de-aranzamendi-por-su-aporte-a-la-investigacion-del-mar-argentino","status":"publish","type":"post","link":"https:\/\/masquenoticiastucuman.com.ar\/?p=47853","title":{"rendered":"Acevedo distingui\u00f3 a la cient\u00edfica Carla de Aranzamendi por su aporte a la investigaci\u00f3n del Mar Argentino"},"content":{"rendered":"\n<p>La reconocida bi\u00f3loga visita la provincia para disertar en la conferencia: \u201cBiodiversidad argentina\u201d se realizar\u00e1 este martes 7 de octubre, a las 18, en el Anfiteatro de la Facultad de Ciencias Naturales e IML. La entrada ser\u00e1 libre y gratuita.<\/p>\n\n\n\n<p id=\"isPasted\">El vicegobernador a cargo del Poder Ejecutivo,&nbsp;<strong>Miguel Acevedo<\/strong>, entreg\u00f3 un reconocimiento provincial a la investigadora del Consejo Nacional de Investigaciones Cient\u00edficas y T\u00e9cnicas (CONICET),&nbsp;<strong>Carla de Aranzamendi<\/strong>, integrante del Grupo de Estudios del Mar Profundo de Argentina (GEMPA). La distinci\u00f3n se realiz\u00f3 en Casa de Gobierno, en el marco de la visita de la cient\u00edfica a Tucum\u00e1n.<\/p>\n\n\n\n<p>Del encuentro participaron la vicerrectora de la Universidad Nacional de Tucum\u00e1n (UNT),&nbsp;<strong>Mercedes Leal<\/strong>; el diputado nacional&nbsp;<strong>Pablo Yedlin<\/strong>; los legisladores provinciales&nbsp;<strong>Gabriel Yedlin<\/strong>&nbsp;y&nbsp;<strong>Carlos Gal\u00eda<\/strong>; el director del Centro Cient\u00edfico Tecnol\u00f3gico CONICET NOA Sur,&nbsp;<strong>Augusto Bellomio<\/strong>; el m\u00e9dico,&nbsp;<strong>Mat\u00edas Tolosa<\/strong>&nbsp;y el licenciado en Trabajo Social,&nbsp;<strong>Guillermo Socolsky.<\/strong><\/p>\n\n\n\n<figure class=\"wp-block-image size-large\"><img decoding=\"async\" src=\"https:\/\/masquenoticiastucuman.com.ar\/wp-content\/uploads\/2025\/10\/251006112633_70331-819x1024.jpg\" alt=\"\" class=\"wp-image-47854\" \/><\/figure>\n\n\n\n<p>La visita de Aranzamendi se produjo en el marco de la conferencia \u201cBiodiversidad argentina: la investigaci\u00f3n cient\u00edfica como proceso para comprender, describir y explicar el mundo que nos rodea\u201d, que se desarrollar\u00e1 este martes 7 de octubre en el Anfiteatro de la Facultad de Ciencias Naturales e IML (Miguel Lillo 205). La disertaci\u00f3n estar\u00e1 destinada a estudiantes, investigadores y p\u00fablico en general, y contar\u00e1 con la participaci\u00f3n de&nbsp;<strong>Juan Marcos Mirande<\/strong>, director de la Unidad Ejecutora Lillo (CONICET\u2013FML); y&nbsp;<strong>Carolina Nieto Pe\u00f1alver<\/strong>, directora del Instituto de Biodiversidad Neotropical (CONICET\u2013UNT).<\/p>\n\n\n\n<p>Tras el acto, Carla de Aranzamendi expres\u00f3 su agradecimiento por la distinci\u00f3n y destac\u00f3 la relevancia de la reciente Campa\u00f1a Talud Continental IV, desarrollada en el ca\u00f1\u00f3n submarino de Mar del Plata. \u201cSoy investigadora del CONICET, del Instituto de Diversidad y Ecolog\u00eda Animal de C\u00f3rdoba. Particip\u00e9 de esta campa\u00f1a que se llam\u00f3 Talud IV, fuimos al ca\u00f1\u00f3n submarino Mar del Plata y se transmiti\u00f3 por streaming. Quer\u00eda agradecer la invitaci\u00f3n, me est\u00e1n tratando muy bien, me siento muy bien\u201d, se\u00f1al\u00f3.<\/p>\n\n\n\n<p>Respecto al impacto del trabajo cient\u00edfico, agreg\u00f3: \u201cPara los investigadores signific\u00f3 un mont\u00f3n, porque pudimos acercar al resto de la gente lo que hacemos d\u00eda a d\u00eda en el CONICET y en la ciencia argentina en general. Estamos muy contentos porque la gente se haya involucrado y haya vivido con nosotros. Estamos muy contentos que el pueblo argentino quiera conocer lo que hay en el fondo marino, sin dudas\u201d.<\/p>\n\n\n\n<figure class=\"wp-block-image size-large\"><img decoding=\"async\" src=\"https:\/\/masquenoticiastucuman.com.ar\/wp-content\/uploads\/2025\/10\/251006111308_94336-1024x682.jpg\" alt=\"\" class=\"wp-image-47855\" \/><\/figure>\n\n\n\n<p>Destac\u00f3 que es importante el trabajo que realiza junto a sus colegas en difundir por la prensa, los medios de comunicaci\u00f3n y redes sociales para dar a conocer la importancia de la ciencia argentina: \u201cestamos saliendo a dar notas porque lo que queremos es que la gente nos apoye en un momento de desfinanciamiento de las ciencias\u201d.&nbsp;<\/p>\n\n\n\n<p>Aranzamendi remarc\u00f3 la importancia del apoyo estatal a la investigaci\u00f3n. \u201cSe nos est\u00e1 dificultando el d\u00eda a d\u00eda porque los sueldos son bajos y no tenemos dinero para trabajar. No tenemos becarios. Pero seguimos apostando porque creemos que la ciencia da soberan\u00eda. Necesitamos poder producir ciencia en Argentina porque todos necesitamos de la ciencia\u201d, afirm\u00f3.&nbsp;<\/p>\n\n\n\n<p>Tambi\u00e9n subray\u00f3: \u201cLa ciencia es fundamental para un Estado. Permite conocer lo que hay en Argentina, cuidarlo y producirlo aqu\u00ed. Hacer recortes en ciencia no es algo ideal para un pa\u00eds; hay que seguir apoy\u00e1ndola porque as\u00ed crece un pa\u00eds\u201d.<\/p>\n\n\n\n<p>Coment\u00f3 que acept\u00f3 la invitaci\u00f3n de visitar Tucum\u00e1n, no s\u00f3lo para difundir su labor, sino tambi\u00e9n para que los tucumanos conozcan los avances en la investigaci\u00f3n que lleva adelante en el Ca\u00f1\u00f3n Submarino Mar del Plata: \u201cnosotros simplemente queremos seguir haciendo ciencia en argentina, utilizar los subsidios que ya se ganaron con dinero del Banco Interamericano de Desarrollo (BID) y que la ciencia argentina no est\u00e9 desfinanciada como est\u00e1\u201d. &nbsp;<\/p>\n\n\n\n<p>La vicerrectora Mercedes Leal valor\u00f3 la distinci\u00f3n otorgada por la Legislatura y el Poder Ejecutivo provincial. \u201cEstoy acompa\u00f1ando una actividad en donde se le dio una distinci\u00f3n a una investigadora del CONICET que particip\u00f3 de una experiencia de investigaci\u00f3n del mar argentino que se divulg\u00f3 en todo el pa\u00eds. Esto muestra el valor de las investigaciones que muchas veces se hacen de manera silenciosa y la importancia de la divulgaci\u00f3n cient\u00edfica\u201d, expres\u00f3.<\/p>\n\n\n\n<p>Leal destac\u00f3 adem\u00e1s el compromiso de las instituciones tucumanas con el desarrollo cient\u00edfico: \u201cEn momentos de desfinanciamiento, es muy importante que el vicegobernador de Tucum\u00e1n haya dado una distinci\u00f3n a una investigadora. Es una muestra de c\u00f3mo se conciben las pol\u00edticas de investigaci\u00f3n en la provincia\u201d.<\/p>\n\n\n\n<p>La acad\u00e9mica dijo que el trabajo realizado por Aranzamendi y el equipo cient\u00edfico que integra \u201ces una experiencia y un esfuerzo enorme que hacen los institutos de investigaci\u00f3n y a la par el CONICET pero que en estos momentos de tanto asedio a la ciencia argentina y de desfinanciamiento, es sumamente importante\u201d.&nbsp;<\/p>\n\n\n\n<p>Por su parte, el diputado nacional Pablo Yedlin resalt\u00f3 el acompa\u00f1amiento del Gobierno provincial a la ciencia. \u201cTucum\u00e1n mostr\u00f3 el inter\u00e9s por la ciencia, el CONICET, por el financiamiento a la ciencia, y agradeci\u00f3 a los investigadores que se hicieron virales en redes sociales a trav\u00e9s de esta excursi\u00f3n al fondo del Mar Argentino. Esperamos mantener la ley que garantiza un presupuesto progresivo para la ciencia porque aquellos que creen que la ciencia es cara no saben lo caro que es la anticiencia\u201d, se\u00f1al\u00f3.<\/p>\n\n\n\n<p>Y se\u00f1al\u00f3: \u201ceste mi\u00e9rcoles tenemos para votar en el Congreso una ley de emergencia en en ciencia y t\u00e9cnica. En el proyecto de presupuesto nacional quieren derogar la ley que permite que la ciencia en la Argentina tenga un presupuesto progresivo. Esperamos que ese art\u00edculo no est\u00e9 y esperamos poder mantener la ley que en la Argentina obliga al Poder Ejecutivo a ir, poco a poco, financiando con m\u00e1s recursos a la ciencia\u201d.&nbsp;<\/p>\n\n\n\n<p>El legislador provincial Gabriel Yedlin manifest\u00f3 su satisfacci\u00f3n por la visita. \u201cNos visita Carla, investigadora del CONICET, que particip\u00f3 de una excursi\u00f3n debajo del mar que tanto orgullo nos trajo a todos los argentinos. Va a dar una charla a alumnos de secundario y a visitar la universidad\u201d, indic\u00f3.<\/p>\n\n\n\n<p><strong>Sobre la cient\u00edfica<\/strong><\/p>\n\n\n\n<p>Carla de Aranzamendi es investigadora del Instituto de Diversidad y Ecolog\u00eda Animal (IDEA, CONICET\u2013UNC). Se form\u00f3 en la Universidad Nacional de C\u00f3rdoba, donde obtuvo su doctorado, y desde 2006 se desempe\u00f1a como investigadora del CONICET. Su trabajo se centra en el estudio de invertebrados marinos en la Ant\u00e1rtida y el Mar Argentino.<\/p>\n\n\n\n<p>Entre el 23 de julio y el 12 de agosto de 2025, integr\u00f3 la Campa\u00f1a Talud Continental IV, organizada por el GEMPA a bordo del buque de investigaci\u00f3n Falkor (too) del Schmidt Ocean Institute. El equipo explor\u00f3 el ca\u00f1\u00f3n submarino de Mar del Plata, alcanz\u00f3 profundidades de hasta 3.900 metros y transmiti\u00f3 en vivo los hallazgos, que incluyeron registros de h\u00e1bitats poco conocidos, posibles nuevas especies y evidencias de contaminaci\u00f3n.<\/p>\n","protected":false},"excerpt":{"rendered":"<p>La reconocida bi\u00f3loga visita la provincia para disertar en la conferencia: \u201cBiodiversidad argentina\u201d se realizar\u00e1&#8230;<\/p>\n","protected":false},"author":2,"featured_media":0,"comment_status":"open","ping_status":"open","sticky":false,"template":"","format":"standard","meta":{"footnotes":""},"categories":[2],"tags":[],"class_list":["post-47853","post","type-post","status-publish","format-standard","hentry","category-locales"],"_links":{"self":[{"href":"https:\/\/masquenoticiastucuman.com.ar\/index.php?rest_route=\/wp\/v2\/posts\/47853","targetHints":{"allow":["GET"]}}],"collection":[{"href":"https:\/\/masquenoticiastucuman.com.ar\/index.php?rest_route=\/wp\/v2\/posts"}],"about":[{"href":"https:\/\/masquenoticiastucuman.com.ar\/index.php?rest_route=\/wp\/v2\/types\/post"}],"author":[{"embeddable":true,"href":"https:\/\/masquenoticiastucuman.com.ar\/index.php?rest_route=\/wp\/v2\/users\/2"}],"replies":[{"embeddable":true,"href":"https:\/\/masquenoticiastucuman.com.ar\/index.php?rest_route=%2Fwp%2Fv2%2Fcomments&post=47853"}],"version-history":[{"count":1,"href":"https:\/\/masquenoticiastucuman.com.ar\/index.php?rest_route=\/wp\/v2\/posts\/47853\/revisions"}],"predecessor-version":[{"id":47857,"href":"https:\/\/masquenoticiastucuman.com.ar\/index.php?rest_route=\/wp\/v2\/posts\/47853\/revisions\/47857"}],"wp:attachment":[{"href":"https:\/\/masquenoticiastucuman.com.ar\/index.php?rest_route=%2Fwp%2Fv2%2Fmedia&parent=47853"}],"wp:term":[{"taxonomy":"category","embeddable":true,"href":"https:\/\/masquenoticiastucuman.com.ar\/index.php?rest_route=%2Fwp%2Fv2%2Fcategories&post=47853"},{"taxonomy":"post_tag","embeddable":true,"href":"https:\/\/masquenoticiastucuman.com.ar\/index.php?rest_route=%2Fwp%2Fv2%2Ftags&post=47853"}],"curies":[{"name":"wp","href":"https:\/\/api.w.org\/{rel}","templated":true}]}}