{"id":47858,"date":"2025-10-06T12:26:16","date_gmt":"2025-10-06T15:26:16","guid":{"rendered":"https:\/\/masquenoticiastucuman.com.ar\/?p=47858"},"modified":"2025-10-06T12:26:18","modified_gmt":"2025-10-06T15:26:18","slug":"jaldo-sobre-la-renuncia-de-espert-la-politica-no-puede-convivir-con-el-narcotrafico","status":"publish","type":"post","link":"https:\/\/masquenoticiastucuman.com.ar\/?p=47858","title":{"rendered":"Jaldo, sobre la renuncia de Espert: &#8220;La pol\u00edtica no puede convivir con el narcotr\u00e1fico&#8221;"},"content":{"rendered":"\n<p>&#8220;No puede haber candidatos de los que supuestamente se diga que, directa o indirectamente, est\u00e1n vinculados con el narcotr\u00e1fico\u201d, asever\u00f3 el mandatario en uso de licencia.<\/p>\n\n\n\n<p>El gobernador en uso de licencia,&nbsp;<strong>Osvaldo Jaldo<\/strong>, se refiri\u00f3 a la renuncia de&nbsp;<strong>Jos\u00e9 Luis Espert<\/strong>&nbsp;a su candidatura a diputado nacional por la provincia de Buenos Aires, por su presunta vinculaci\u00f3n con un empresario investigado por narcotr\u00e1fico.&nbsp;<\/p>\n\n\n\n<p>Al respecto, Jaldo dijo: \u201cLa pol\u00edtica es todo lo contrario al narcotr\u00e1fico. No puede haber candidatos de los que supuestamente se diga que, directa o indirectamente, est\u00e1n vinculados con el narcotr\u00e1fico\u201d.&nbsp;<\/p>\n\n\n\n<p>En contraposici\u00f3n a lo que sucede en Buenos Aires, el mandatario remarc\u00f3 que \u201cen Tucum\u00e1n le estamos dando lucha frontal al narcotr\u00e1fico y al narcomenudeo. En nuestra provincia est\u00e1n cayendo los delincuentes poderosos que en Tucum\u00e1n hab\u00edan sido impunes, apellidos que hab\u00edan sido intocables y a los que nadie se anim\u00f3. Este Gobierno de la Provincia, de uno en uno, los va llevando a la c\u00e1rcel de Benjam\u00edn Paz, donde la justicia los va condenando\u201d.&nbsp;<\/p>\n\n\n\n<p>Por \u00faltimo, asever\u00f3 que \u201cla pol\u00edtica no puede convivir con el narcotr\u00e1fico y menos a nivel nacional\u201d, y opin\u00f3 que \u201cun candidato a diputado nacional que supuestamente est\u00e1 vinculado, porque a eso lo tendr\u00e1 que decir la justicia, est\u00e1 bien que haya hecho un paso al costado y que sea reemplazado\u201d.<\/p>\n","protected":false},"excerpt":{"rendered":"<p>&#8220;No puede haber candidatos de los que supuestamente se diga que, directa o indirectamente, est\u00e1n&#8230;<\/p>\n","protected":false},"author":2,"featured_media":0,"comment_status":"open","ping_status":"open","sticky":false,"template":"","format":"standard","meta":{"footnotes":""},"categories":[2],"tags":[],"class_list":["post-47858","post","type-post","status-publish","format-standard","hentry","category-locales"],"_links":{"self":[{"href":"https:\/\/masquenoticiastucuman.com.ar\/index.php?rest_route=\/wp\/v2\/posts\/47858","targetHints":{"allow":["GET"]}}],"collection":[{"href":"https:\/\/masquenoticiastucuman.com.ar\/index.php?rest_route=\/wp\/v2\/posts"}],"about":[{"href":"https:\/\/masquenoticiastucuman.com.ar\/index.php?rest_route=\/wp\/v2\/types\/post"}],"author":[{"embeddable":true,"href":"https:\/\/masquenoticiastucuman.com.ar\/index.php?rest_route=\/wp\/v2\/users\/2"}],"replies":[{"embeddable":true,"href":"https:\/\/masquenoticiastucuman.com.ar\/index.php?rest_route=%2Fwp%2Fv2%2Fcomments&post=47858"}],"version-history":[{"count":1,"href":"https:\/\/masquenoticiastucuman.com.ar\/index.php?rest_route=\/wp\/v2\/posts\/47858\/revisions"}],"predecessor-version":[{"id":47860,"href":"https:\/\/masquenoticiastucuman.com.ar\/index.php?rest_route=\/wp\/v2\/posts\/47858\/revisions\/47860"}],"wp:attachment":[{"href":"https:\/\/masquenoticiastucuman.com.ar\/index.php?rest_route=%2Fwp%2Fv2%2Fmedia&parent=47858"}],"wp:term":[{"taxonomy":"category","embeddable":true,"href":"https:\/\/masquenoticiastucuman.com.ar\/index.php?rest_route=%2Fwp%2Fv2%2Fcategories&post=47858"},{"taxonomy":"post_tag","embeddable":true,"href":"https:\/\/masquenoticiastucuman.com.ar\/index.php?rest_route=%2Fwp%2Fv2%2Ftags&post=47858"}],"curies":[{"name":"wp","href":"https:\/\/api.w.org\/{rel}","templated":true}]}}