{"id":47864,"date":"2025-10-06T17:01:03","date_gmt":"2025-10-06T20:01:03","guid":{"rendered":"http:\/\/masquenoticiastucuman.com.ar\/?p=47864"},"modified":"2025-10-06T17:01:03","modified_gmt":"2025-10-06T20:01:03","slug":"fiebre-aftosa-el-senasa-flexibilizo-medidas-sanitarias-por-el-impacto-de-las-inundaciones","status":"publish","type":"post","link":"https:\/\/masquenoticiastucuman.com.ar\/?p=47864","title":{"rendered":"Fiebre aftosa: el Senasa flexibiliz\u00f3 medidas sanitarias por el impacto de las inundaciones"},"content":{"rendered":"<ul>\n<li>La decisi\u00f3n busca acompa\u00f1ar a los productores ganaderos y garantizar la continuidad del sistema sanitario nacional, en v\u00edsperas de la segunda campa\u00f1a de vacunaci\u00f3n contra la fiebre aftosa.<\/li>\n<\/ul>","protected":false},"excerpt":{"rendered":"<p>La decisi\u00f3n busca acompa\u00f1ar a los productores ganaderos y garantizar la continuidad del sistema sanitario&#8230;<\/p>\n","protected":false},"author":1,"featured_media":0,"comment_status":"open","ping_status":"open","sticky":false,"template":"","format":"standard","meta":{"footnotes":""},"categories":[],"tags":[],"class_list":["post-47864","post","type-post","status-publish","format-standard","hentry"],"_links":{"self":[{"href":"https:\/\/masquenoticiastucuman.com.ar\/index.php?rest_route=\/wp\/v2\/posts\/47864","targetHints":{"allow":["GET"]}}],"collection":[{"href":"https:\/\/masquenoticiastucuman.com.ar\/index.php?rest_route=\/wp\/v2\/posts"}],"about":[{"href":"https:\/\/masquenoticiastucuman.com.ar\/index.php?rest_route=\/wp\/v2\/types\/post"}],"author":[{"embeddable":true,"href":"https:\/\/masquenoticiastucuman.com.ar\/index.php?rest_route=\/wp\/v2\/users\/1"}],"replies":[{"embeddable":true,"href":"https:\/\/masquenoticiastucuman.com.ar\/index.php?rest_route=%2Fwp%2Fv2%2Fcomments&post=47864"}],"version-history":[{"count":0,"href":"https:\/\/masquenoticiastucuman.com.ar\/index.php?rest_route=\/wp\/v2\/posts\/47864\/revisions"}],"wp:attachment":[{"href":"https:\/\/masquenoticiastucuman.com.ar\/index.php?rest_route=%2Fwp%2Fv2%2Fmedia&parent=47864"}],"wp:term":[{"taxonomy":"category","embeddable":true,"href":"https:\/\/masquenoticiastucuman.com.ar\/index.php?rest_route=%2Fwp%2Fv2%2Fcategories&post=47864"},{"taxonomy":"post_tag","embeddable":true,"href":"https:\/\/masquenoticiastucuman.com.ar\/index.php?rest_route=%2Fwp%2Fv2%2Ftags&post=47864"}],"curies":[{"name":"wp","href":"https:\/\/api.w.org\/{rel}","templated":true}]}}