{"id":47872,"date":"2025-10-06T21:31:03","date_gmt":"2025-10-07T00:31:03","guid":{"rendered":"http:\/\/masquenoticiastucuman.com.ar\/?p=47872"},"modified":"2025-10-06T21:31:03","modified_gmt":"2025-10-07T00:31:03","slug":"el-enigmatico-posteo-de-lebron-james-cuando-y-a-que-hora-es-el-anuncio-que-tiene-en-vilo-a-la-nba-y-a-todo-el-deporte-de-estados-unidos","status":"publish","type":"post","link":"https:\/\/masquenoticiastucuman.com.ar\/?p=47872","title":{"rendered":"El enigm\u00e1tico posteo de LeBron James: cu\u00e1ndo y a qu\u00e9 hora es el anuncio que tiene en vilo a la NBA y a todo el deporte de Estados Unidos"},"content":{"rendered":"<ul>\n<li>El Rey subi\u00f3 un video en el que habla de &#8220;La segunda decisi\u00f3n&#8221;.<\/li>\n<li>&#8220;La decisi\u00f3n de decisiones&#8221;, avisa el basquetbolista de 40 a\u00f1os.<\/li>\n<li>Este martes dar\u00e1 a conocer la noticia y hay rumores de retiro.<\/li>\n<\/ul>\n<p>\u200bEl Rey subi\u00f3 un video en el que habla de &#8220;La segunda decisi\u00f3n&#8221;.&#8221;La decisi\u00f3n de decisiones&#8221;, avisa el basquetbolista de 40 a\u00f1os.Este martes dar\u00e1 a conocer la noticia y hay rumores de retiro.\u00a0<a href=\"https:\/\/www.clarin.com\/deportes\/enigmatico-posteo-lebron-james-hora-anuncio-vilo-nba-deporte-estados-unidos_0_KrKh5ru1BH.html\" target=\"_blank\" class=\"feedzy-rss-link-icon\">Read More<\/a><\/p>","protected":false},"excerpt":{"rendered":"<p>El Rey subi\u00f3 un video en el que habla de &#8220;La segunda decisi\u00f3n&#8221;. &#8220;La decisi\u00f3n&#8230;<\/p>\n","protected":false},"author":1,"featured_media":0,"comment_status":"open","ping_status":"open","sticky":false,"template":"","format":"standard","meta":{"footnotes":""},"categories":[1],"tags":[],"class_list":["post-47872","post","type-post","status-publish","format-standard","hentry","category-uncategorized"],"_links":{"self":[{"href":"https:\/\/masquenoticiastucuman.com.ar\/index.php?rest_route=\/wp\/v2\/posts\/47872","targetHints":{"allow":["GET"]}}],"collection":[{"href":"https:\/\/masquenoticiastucuman.com.ar\/index.php?rest_route=\/wp\/v2\/posts"}],"about":[{"href":"https:\/\/masquenoticiastucuman.com.ar\/index.php?rest_route=\/wp\/v2\/types\/post"}],"author":[{"embeddable":true,"href":"https:\/\/masquenoticiastucuman.com.ar\/index.php?rest_route=\/wp\/v2\/users\/1"}],"replies":[{"embeddable":true,"href":"https:\/\/masquenoticiastucuman.com.ar\/index.php?rest_route=%2Fwp%2Fv2%2Fcomments&post=47872"}],"version-history":[{"count":0,"href":"https:\/\/masquenoticiastucuman.com.ar\/index.php?rest_route=\/wp\/v2\/posts\/47872\/revisions"}],"wp:attachment":[{"href":"https:\/\/masquenoticiastucuman.com.ar\/index.php?rest_route=%2Fwp%2Fv2%2Fmedia&parent=47872"}],"wp:term":[{"taxonomy":"category","embeddable":true,"href":"https:\/\/masquenoticiastucuman.com.ar\/index.php?rest_route=%2Fwp%2Fv2%2Fcategories&post=47872"},{"taxonomy":"post_tag","embeddable":true,"href":"https:\/\/masquenoticiastucuman.com.ar\/index.php?rest_route=%2Fwp%2Fv2%2Ftags&post=47872"}],"curies":[{"name":"wp","href":"https:\/\/api.w.org\/{rel}","templated":true}]}}