{"id":47876,"date":"2025-10-07T07:32:44","date_gmt":"2025-10-07T10:32:44","guid":{"rendered":"https:\/\/masquenoticiastucuman.com.ar\/?p=47876"},"modified":"2025-10-07T07:32:45","modified_gmt":"2025-10-07T10:32:45","slug":"jaldo-y-acevedo-visitaron-obras-del-barrio-178-viviendas-en-simoca","status":"publish","type":"post","link":"https:\/\/masquenoticiastucuman.com.ar\/?p=47876","title":{"rendered":"Jaldo y Acevedo visitaron obras del barrio 178 Viviendas en Simoca"},"content":{"rendered":"\n<p>La primera etapa comprende 57 viviendas y tendr\u00e1 un plazo estimado de nueve meses de ejecuci\u00f3n<\/p>\n\n\n\n<p id=\"isPasted\">El gobernador en uso de licencia&nbsp;<strong>Osvaldo Jaldo<\/strong>&nbsp;visit\u00f3, junto al vicegobernador a cargo del Poder Ejecutivo,&nbsp;<strong>Miguel Acevedo,<\/strong>&nbsp;este lunes, las obras del barrio 178 Viviendas en Simoca, una iniciativa financiada \u00edntegramente con recursos provinciales a trav\u00e9s del Instituto Provincial de la Vivienda y Desarrollo Urbano (IPVyDU).<\/p>\n\n\n\n<p>Acompa\u00f1aron el presidente subrogante de la Legislatura,&nbsp;<strong>Sergio Mansilla,<\/strong>&nbsp;el ministro del Interior, el vicepresidente primero de la Legislatura,&nbsp;<strong>Aldo Salom\u00f3n;<\/strong>&nbsp;<strong>Dar\u00edo Monteros<\/strong>, el titular del IPVyDU,&nbsp;<strong>Hugo Cabral,<\/strong>&nbsp;y el intendente de Simoca,&nbsp;<strong>Elvio Salazar.<\/strong>&nbsp;Tambi\u00e9n participaron las diputadas&nbsp;<strong>Elia Mansilla, Gladys Medina<\/strong>; los legisladore<strong>s Marcelo Herrera, Alberto Olea, Patricia Liz\u00e1rraga, Carolina Vargas Aignasse, Alejandro Figueroa, Alejandra Cejas,<\/strong>&nbsp;el titular del IPLA,&nbsp;<strong>Dante Loza;<\/strong>&nbsp;secretarios generales de UOCRA&nbsp;<strong>David Acosta<\/strong>, de UTA&nbsp;<strong>C\u00e9sar&nbsp;Gonz\u00e1lez.<\/strong><\/p>\n\n\n\n<p>Jaldo destac\u00f3 que \u201ccomo lo hacemos todos los d\u00edas con el contador Miguel Acevedo, que hoy est\u00e1 a cargo de la gobernaci\u00f3n, hemos venido a visitar esta hermosa ciudad de Simoca y a ver una obra muy esperada: el barrio de 178 viviendas que no pudo avanzar en la gesti\u00f3n nacional anterior. Hoy, gracias a la buena administraci\u00f3n financiera y a los recursos del Instituto Provincial de la Vivienda, estamos cumpliendo el sue\u00f1o de muchas familias simoque\u00f1as\u201d.<\/p>\n\n\n\n<figure class=\"wp-block-image size-large\"><img decoding=\"async\" src=\"https:\/\/masquenoticiastucuman.com.ar\/wp-content\/uploads\/2025\/10\/251006213930_98574-1024x682.jpeg\" alt=\"\" class=\"wp-image-47877\" \/><\/figure>\n\n\n\n<p>Explic\u00f3 que la primera etapa comprende 57 viviendas y tendr\u00e1 un plazo estimado de nueve meses de ejecuci\u00f3n. \u201cAdem\u00e1s de cumplir el sue\u00f1o del techo propio, estamos generando trabajo genuino para los simoque\u00f1os. La construcci\u00f3n es una de las actividades que m\u00e1s dinamiza la econom\u00eda local, reactiva los comercios y genera empleo. Esto es posible porque en Tucum\u00e1n administramos bien nuestros recursos\u201d, remarc\u00f3.<\/p>\n\n\n\n<p>A su vez, se\u00f1al\u00f3 que la provincia decidi\u00f3 continuar con otros proyectos habitacionales que quedaron sin financiamiento nacional, como el Procrear Tucum\u00e1n, considerado uno de los emprendimientos m\u00e1s grandes del pa\u00eds.<\/p>\n\n\n\n<p>Por su parte, Acevedo, a cargo del Ejecutivo provincial, resalt\u00f3 el cumplimiento del plan de obras previsto por el Gobierno. \u201cEstaba previsto el inicio de esta obra para los primeros d\u00edas de octubre, y hoy estamos cumpliendo. En Tucum\u00e1n, la obra p\u00fablica no se detiene. El federalismo lo asumimos completamente: tenemos obras en Simoca, Burruyacu, Amaicha y otras localidades. Esto significa m\u00e1s trabajo y desarrollo\u201d, afirm\u00f3.<\/p>\n\n\n\n<p>Destac\u00f3 adem\u00e1s que \u201cnuestro compromiso es que Tucum\u00e1n siga creciendo. Y no hay crecimiento si no hay trabajo. Apostamos a la obra p\u00fablica porque genera empleo y mejora la calidad de vida de los tucumanos\u201d.<\/p>\n\n\n\n<p>Elia Mansilla manifest\u00f3 que \u201clas viviendas generan empleo y dignidad. Con el apoyo del IPVyDU y los gremios, seguimos avanzando con proyectos que benefician a la gente que m\u00e1s lo necesita\u201d.<\/p>\n\n\n\n<p>Cabral sostuvo que \u201chace mucho tiempo Simoca no ten\u00eda obras de vivienda. Son 178 familias que van a poder acceder a su casa propia, pero adem\u00e1s esta construcci\u00f3n genera m\u00e1s de 100 empleos directos. La mayor\u00eda son trabajadores de la zona, lo que multiplica el efecto econ\u00f3mico en los comercios locales\u201d.<\/p>\n\n\n\n<p>&nbsp;El funcionario detall\u00f3 que el barrio contar\u00e1 con energ\u00eda el\u00e9ctrica, alumbrado p\u00fablico, agua potable y sistema de cloacas, adem\u00e1s de viviendas adaptadas para personas con discapacidad. \u201cSon casas de buena calidad, con todas las condiciones de seguridad, confort y salubridad\u201d, asegur\u00f3.<\/p>\n\n\n\n<p>Salazar manifest\u00f3 que \u201ceste barrio estaba paralizado por falta de fondos nacionales. Gracias a las decisiones del gobernador Jaldo, hoy las obras contin\u00faan. Simoca avanza con obras, con trabajo y con esperanza. Los simoque\u00f1os estamos agradecidos porque este proyecto significa futuro para nuestros j\u00f3venes y crecimiento para nuestra ciudad\u201d.<\/p>\n\n\n\n<p>Por \u00faltimo, Acosta, celebr\u00f3 la decisi\u00f3n pol\u00edtica de financiar las obras con recursos provinciales. \u201cPara los trabajadores de la construcci\u00f3n, esta decisi\u00f3n es fundamental. Genera empleo, impulsa la econom\u00eda y fortalece la mano de obra local. En este barrio se crear\u00e1n m\u00e1s de cien puestos de trabajo, y eso nos llena de orgullo\u201d, expres\u00f3.<\/p>\n","protected":false},"excerpt":{"rendered":"<p>La primera etapa comprende 57 viviendas y tendr\u00e1 un plazo estimado de nueve meses de&#8230;<\/p>\n","protected":false},"author":2,"featured_media":0,"comment_status":"open","ping_status":"open","sticky":false,"template":"","format":"standard","meta":{"footnotes":""},"categories":[2],"tags":[],"class_list":["post-47876","post","type-post","status-publish","format-standard","hentry","category-locales"],"_links":{"self":[{"href":"https:\/\/masquenoticiastucuman.com.ar\/index.php?rest_route=\/wp\/v2\/posts\/47876","targetHints":{"allow":["GET"]}}],"collection":[{"href":"https:\/\/masquenoticiastucuman.com.ar\/index.php?rest_route=\/wp\/v2\/posts"}],"about":[{"href":"https:\/\/masquenoticiastucuman.com.ar\/index.php?rest_route=\/wp\/v2\/types\/post"}],"author":[{"embeddable":true,"href":"https:\/\/masquenoticiastucuman.com.ar\/index.php?rest_route=\/wp\/v2\/users\/2"}],"replies":[{"embeddable":true,"href":"https:\/\/masquenoticiastucuman.com.ar\/index.php?rest_route=%2Fwp%2Fv2%2Fcomments&post=47876"}],"version-history":[{"count":1,"href":"https:\/\/masquenoticiastucuman.com.ar\/index.php?rest_route=\/wp\/v2\/posts\/47876\/revisions"}],"predecessor-version":[{"id":47879,"href":"https:\/\/masquenoticiastucuman.com.ar\/index.php?rest_route=\/wp\/v2\/posts\/47876\/revisions\/47879"}],"wp:attachment":[{"href":"https:\/\/masquenoticiastucuman.com.ar\/index.php?rest_route=%2Fwp%2Fv2%2Fmedia&parent=47876"}],"wp:term":[{"taxonomy":"category","embeddable":true,"href":"https:\/\/masquenoticiastucuman.com.ar\/index.php?rest_route=%2Fwp%2Fv2%2Fcategories&post=47876"},{"taxonomy":"post_tag","embeddable":true,"href":"https:\/\/masquenoticiastucuman.com.ar\/index.php?rest_route=%2Fwp%2Fv2%2Ftags&post=47876"}],"curies":[{"name":"wp","href":"https:\/\/api.w.org\/{rel}","templated":true}]}}