{"id":47880,"date":"2025-10-07T07:36:06","date_gmt":"2025-10-07T10:36:06","guid":{"rendered":"https:\/\/masquenoticiastucuman.com.ar\/?p=47880"},"modified":"2025-10-07T07:36:07","modified_gmt":"2025-10-07T10:36:07","slug":"trasladaron-con-exito-a-un-paciente-desde-san-pedro-de-colalao-en-el-helicoptero-provincial","status":"publish","type":"post","link":"https:\/\/masquenoticiastucuman.com.ar\/?p=47880","title":{"rendered":"Trasladaron con \u00e9xito a un paciente desde San Pedro de Colalao en el helic\u00f3ptero provincial"},"content":{"rendered":"\n<p>La aeronave descendi\u00f3 en el 107, y el paciente fue trasladado al Hospital Centro de Salud, donde fue esperado por profesionales de la guardia.<\/p>\n\n\n\n<p id=\"isPasted\">Gracias a un trabajo coordinado entre el gobierno de la provincia, a cargo del contador Osvaldo Jaldo en uso de licencia, el Ministerio de Salud, que dirige el doctor Luis Medina Ruiz y la Direcci\u00f3n de Emergencias 107, se traslad\u00f3 desde la localidad de San Pedro de Colalao a un paciente de 79 a\u00f1os con traumatismo en miembro inferior.<\/p>\n\n\n\n<figure class=\"wp-block-image size-large\"><img decoding=\"async\" src=\"https:\/\/masquenoticiastucuman.com.ar\/wp-content\/uploads\/2025\/10\/251006114638_51682-1024x611.jpg\" alt=\"\" class=\"wp-image-47881\" \/><\/figure>\n\n\n\n<p>En el d\u00eda de ayer realiz\u00f3 una evacuaci\u00f3n m\u00e9dica en el helic\u00f3ptero de la provincia a un paciente de 79 a\u00f1os, oriundo de San Pedro de Colalao quien sufri\u00f3 un traumatismo en el pie derecho debido a una ca\u00edda de un caballo.<\/p>\n\n\n\n<p>Tras recibir el pedido la coordinadora Asistencial de Vuelos Sanitarios, doctora Patricia Villagra dio aviso a Direcci\u00f3n de Aeron\u00e1utica, dando inicio al operativo con piloto Rafael Cornejo, y la asistencia m\u00e9dica con doctor Nieva Mario y el enfermero Mario Filomeno, quienes inmovilizaron al paciente y realizaron la analgesia con par\u00e1metros estables.<\/p>\n\n\n\n<p>La aeronave descendi\u00f3 en el 107, y el paciente fue trasladado al Hospital Centro de Salud donde fue esperado por profesionales de la guardia.<\/p>\n","protected":false},"excerpt":{"rendered":"<p>La aeronave descendi\u00f3 en el 107, y el paciente fue trasladado al Hospital Centro de&#8230;<\/p>\n","protected":false},"author":2,"featured_media":0,"comment_status":"open","ping_status":"open","sticky":false,"template":"","format":"standard","meta":{"footnotes":""},"categories":[2],"tags":[],"class_list":["post-47880","post","type-post","status-publish","format-standard","hentry","category-locales"],"_links":{"self":[{"href":"https:\/\/masquenoticiastucuman.com.ar\/index.php?rest_route=\/wp\/v2\/posts\/47880","targetHints":{"allow":["GET"]}}],"collection":[{"href":"https:\/\/masquenoticiastucuman.com.ar\/index.php?rest_route=\/wp\/v2\/posts"}],"about":[{"href":"https:\/\/masquenoticiastucuman.com.ar\/index.php?rest_route=\/wp\/v2\/types\/post"}],"author":[{"embeddable":true,"href":"https:\/\/masquenoticiastucuman.com.ar\/index.php?rest_route=\/wp\/v2\/users\/2"}],"replies":[{"embeddable":true,"href":"https:\/\/masquenoticiastucuman.com.ar\/index.php?rest_route=%2Fwp%2Fv2%2Fcomments&post=47880"}],"version-history":[{"count":1,"href":"https:\/\/masquenoticiastucuman.com.ar\/index.php?rest_route=\/wp\/v2\/posts\/47880\/revisions"}],"predecessor-version":[{"id":47883,"href":"https:\/\/masquenoticiastucuman.com.ar\/index.php?rest_route=\/wp\/v2\/posts\/47880\/revisions\/47883"}],"wp:attachment":[{"href":"https:\/\/masquenoticiastucuman.com.ar\/index.php?rest_route=%2Fwp%2Fv2%2Fmedia&parent=47880"}],"wp:term":[{"taxonomy":"category","embeddable":true,"href":"https:\/\/masquenoticiastucuman.com.ar\/index.php?rest_route=%2Fwp%2Fv2%2Fcategories&post=47880"},{"taxonomy":"post_tag","embeddable":true,"href":"https:\/\/masquenoticiastucuman.com.ar\/index.php?rest_route=%2Fwp%2Fv2%2Ftags&post=47880"}],"curies":[{"name":"wp","href":"https:\/\/api.w.org\/{rel}","templated":true}]}}