{"id":47884,"date":"2025-10-07T08:06:27","date_gmt":"2025-10-07T11:06:27","guid":{"rendered":"https:\/\/masquenoticiastucuman.com.ar\/?p=47884"},"modified":"2025-10-07T08:06:28","modified_gmt":"2025-10-07T11:06:28","slug":"el-consejo-provincial-de-proteccion-integral-de-la-ninez-presento-su-trabajo-en-la-legislatura","status":"publish","type":"post","link":"https:\/\/masquenoticiastucuman.com.ar\/?p=47884","title":{"rendered":"El Consejo provincial de Protecci\u00f3n Integral de la Ni\u00f1ez present\u00f3 su trabajo en la Legislatura"},"content":{"rendered":"\n<p>Fue por conmemorarse 20 a\u00f1os de la sanci\u00f3n de la Ley 26.061 de Protecci\u00f3n Integral de los Derechos de Ni\u00f1as, Ni\u00f1os y Adolescentes.<\/p>\n\n\n\n<p>La Comisi\u00f3n de Familia, Ni\u00f1ez, Adolescencia, Adultos Mayores y Discapacidad de la Honorable Legislatura de Tucum\u00e1n, que preside la parlamentaria<strong>&nbsp;Patricia Liz\u00e1rraga<\/strong>, recibi\u00f3 este jueves a los integrantes del&nbsp;<strong>Consejo Provincial de Protecci\u00f3n Integral de los Derechos de Ni\u00f1as, Ni\u00f1os y Adolescentes<\/strong>, cuya presidenta es&nbsp;<strong>Graciela Sare<\/strong>, en el marco de los&nbsp;<strong>20 a\u00f1os de la sanci\u00f3n de la Ley N.\u00ba 26.061 de Protecci\u00f3n Integral de los Derechos de Ni\u00f1as, Ni\u00f1os y Adolescentes.<\/strong><\/p>\n\n\n\n<figure class=\"wp-block-image size-full\"><img decoding=\"async\" src=\"https:\/\/masquenoticiastucuman.com.ar\/wp-content\/uploads\/2025\/10\/730x473_251007074351_34452.jpg\" alt=\"\" class=\"wp-image-47886\" \/><\/figure>\n\n\n\n<p>Durante el encuentro, la presidenta del Consejo y los funcionarios consejeros que representan a los distintos ministerios del Poder Ejecutivo compartieron&nbsp;<strong>c\u00f3mo se ha estructurado el Consejo, los avances logrados en el di\u00e1logo interinstitucional y el fortalecimiento de los v\u00ednculos entre los diferentes organismos. Adem\u00e1s, se plantearon los principales desaf\u00edos hacia una articulaci\u00f3n m\u00e1s efectiva en materia de pol\u00edticas de protecci\u00f3n integral.<\/strong><\/p>\n\n\n\n<p>Sare, quien tambi\u00e9n ocupa el cargo de secretaria de Ni\u00f1ez, Adolescencia y Familia del ministerio de Desarrollo Social que conduce&nbsp;<strong>Federico Masso<\/strong>, subray\u00f3 el impacto transformador de la Ley 26.061 en el reconocimiento de los derechos de la infancia.&nbsp;<\/p>\n\n\n\n<p><em>\u201cA partir de su promulgaci\u00f3n logramos ver a los ni\u00f1os como sujetos de derecho. Hemos avanzado mucho en ese sentido. La creaci\u00f3n de una Secretar\u00eda de Estado de Ni\u00f1ez, Adolescencia y Familia es una muestra concreta de ese progreso\u201d. (Graciela Sare)<\/em><\/p>\n\n\n\n<p>La funcionaria social tambi\u00e9n valor\u00f3 los avances alcanzados en materia de adopciones y participaci\u00f3n infantil. \u201cEn muchos contextos, los ni\u00f1os hoy tienen voz y son escuchados. Uno de los grandes desaf\u00edos que tenemos es seguir construyendo y fortaleciendo este sistema de protecci\u00f3n integral\u201d, destac\u00f3.<\/p>\n\n\n\n<p>Consultada sobre el impacto del consumo de drogas en los adolescentes, la funcionaria advirti\u00f3. \u201cEl problema del consumo atraviesa a todos los sectores sociales. No debemos limitarlo a la pobreza. Hay problem\u00e1ticas como el bullying, las redes sociales o las adicciones que afectan a toda la ni\u00f1ez y adolescencia, m\u00e1s all\u00e1 del estrato econ\u00f3mico. Es cierto que la pobreza las agudiza, pero debemos entenderlas como parte de una realidad que nos compromete a todos\u201d, a\u00f1adi\u00f3 Sare.<\/p>\n\n\n\n<p><strong>Capacitar<\/strong><\/p>\n\n\n\n<p>Liz\u00e1rraga destac\u00f3 la importancia de que la comisi\u00f3n trabaje de manera articulada con los distintos organismos que integran el Consejo Provincial, para abordar de forma m\u00e1s integral las problem\u00e1ticas que afectan a la infancia y la adolescencia. \u201cCuando un ni\u00f1o sufre un abuso, el primer adulto en quien conf\u00eda suele ser su maestra. Por eso es fundamental capacitar y preparar adecuadamente a los docentes. Tambi\u00e9n es esencial la tarea de concientizaci\u00f3n que se realice desde el n\u00facleo familiar\u201d, se\u00f1al\u00f3.<\/p>\n\n\n\n<p>Adem\u00e1s, Liz\u00e1rraga resalt\u00f3 la trayectoria y compromiso de Sare.\u201cGraciela es una persona que viene trabajando desde hace mucho tiempo en la defensa y promoci\u00f3n de los derechos de la ni\u00f1ez. Hoy celebramos no solo su labor, sino tambi\u00e9n la vigencia de una ley que marc\u00f3 un antes y un despu\u00e9s en materia de protecci\u00f3n integral\u201d, concluy\u00f3.<\/p>\n\n\n\n<p><strong>Experiencia<\/strong><\/p>\n\n\n\n<p>Por su parte, Oscar Hilal, jefe del Departamento Infantojuvenil del Siprosa y consejero del Consejo coment\u00f3: \u201cPresentamos el trabajo y las acciones que venimos desarrollando desde el Consejo. En septiembre cumplimos un a\u00f1o desde que comenzamos a reunirnos formalmente. Esta fu una linda experiencia de dialogo con los legisladores que integran la Comisi\u00f3n de Familia y contarles nuestros proyectos a futuro\u201d, expres\u00f3.<\/p>\n\n\n\n<p>El funcionario destac\u00f3 la importancia de la articulaci\u00f3n interministerial que caracteriza al Consejo, integrado por representantes de diversos organismos del Estado.<\/p>\n\n\n\n<p>\u201cEste es un trabajo interministerial en el que participan los ministerios de Salud, Educaci\u00f3n, Desarrollo Social, Interior, Econom\u00eda y la Direcci\u00f3n de Derechos Humanos. Nos reunimos aproximadamente cada 25 o 30 d\u00edas, y cada uno de los representantes aporta desde su \u00e1rea para construir pol\u00edticas conjuntas de protecci\u00f3n y acompa\u00f1amiento\u201d, explic\u00f3 Hilal.<\/p>\n\n\n\n<p>Acompa\u00f1aron a Sare la directora de Ni\u00f1ez y secretaria ejecutiva del Consejo;&nbsp;Gilda Zurita, los consejeros por parte del ministerio de Salud aparte de Hilal, Marcelo Montoya y Noelia Botone, Gladys Carpio por Seguridad; Gabriela Gallardo y Mar\u00eda Pastrana, consejeras por Educaci\u00f3n; M\u00f3nica Gonz\u00e1lez, consejera por el ministerio del Interior; Juliana Batalla, consejera por la secretar\u00eda de Derechos Humanos (que pertenece al ministerio de Gobierno y Justicia); y Andrea Colina,&nbsp;consejera por la secretar\u00eda de Hacienda del ministerio de Econom\u00eda y Producci\u00f3n<\/p>\n\n\n\n<p>De la reuni\u00f3n tambi\u00e9n participaron los legisladores&nbsp;Carlos G\u00f3mez, Silvia El\u00edas de P\u00e9rez, Maia Mart\u00ednez, Sara Lazarte y Rodolfo Ocaranza.<\/p>\n","protected":false},"excerpt":{"rendered":"<p>Fue por conmemorarse 20 a\u00f1os de la sanci\u00f3n de la Ley 26.061 de Protecci\u00f3n Integral&#8230;<\/p>\n","protected":false},"author":2,"featured_media":0,"comment_status":"open","ping_status":"open","sticky":false,"template":"","format":"standard","meta":{"footnotes":""},"categories":[2],"tags":[],"class_list":["post-47884","post","type-post","status-publish","format-standard","hentry","category-locales"],"_links":{"self":[{"href":"https:\/\/masquenoticiastucuman.com.ar\/index.php?rest_route=\/wp\/v2\/posts\/47884","targetHints":{"allow":["GET"]}}],"collection":[{"href":"https:\/\/masquenoticiastucuman.com.ar\/index.php?rest_route=\/wp\/v2\/posts"}],"about":[{"href":"https:\/\/masquenoticiastucuman.com.ar\/index.php?rest_route=\/wp\/v2\/types\/post"}],"author":[{"embeddable":true,"href":"https:\/\/masquenoticiastucuman.com.ar\/index.php?rest_route=\/wp\/v2\/users\/2"}],"replies":[{"embeddable":true,"href":"https:\/\/masquenoticiastucuman.com.ar\/index.php?rest_route=%2Fwp%2Fv2%2Fcomments&post=47884"}],"version-history":[{"count":1,"href":"https:\/\/masquenoticiastucuman.com.ar\/index.php?rest_route=\/wp\/v2\/posts\/47884\/revisions"}],"predecessor-version":[{"id":47887,"href":"https:\/\/masquenoticiastucuman.com.ar\/index.php?rest_route=\/wp\/v2\/posts\/47884\/revisions\/47887"}],"wp:attachment":[{"href":"https:\/\/masquenoticiastucuman.com.ar\/index.php?rest_route=%2Fwp%2Fv2%2Fmedia&parent=47884"}],"wp:term":[{"taxonomy":"category","embeddable":true,"href":"https:\/\/masquenoticiastucuman.com.ar\/index.php?rest_route=%2Fwp%2Fv2%2Fcategories&post=47884"},{"taxonomy":"post_tag","embeddable":true,"href":"https:\/\/masquenoticiastucuman.com.ar\/index.php?rest_route=%2Fwp%2Fv2%2Ftags&post=47884"}],"curies":[{"name":"wp","href":"https:\/\/api.w.org\/{rel}","templated":true}]}}