{"id":47900,"date":"2025-10-07T10:29:14","date_gmt":"2025-10-07T13:29:14","guid":{"rendered":"https:\/\/masquenoticiastucuman.com.ar\/?p=47900"},"modified":"2025-10-07T10:29:14","modified_gmt":"2025-10-07T13:29:14","slug":"jaldo-sobre-la-protesta-de-saenz-tucuman-tuvo-buenos-resultados-a-traves-del-dialogo","status":"publish","type":"post","link":"https:\/\/masquenoticiastucuman.com.ar\/?p=47900","title":{"rendered":"Jaldo, sobre la protesta de S\u00e1enz: \u201cTucum\u00e1n tuvo buenos resultados a trav\u00e9s del di\u00e1logo\u201d"},"content":{"rendered":"\n<p>El Gobernador en uso de licencia remarc\u00f3 que los mandatarios provinciales tiene autoridad para negociar con los funcionarios nacionales.<\/p>\n\n\n\n<p>El gobernador en uso de licencia,&nbsp;<strong>Osvaldo Jaldo<\/strong>, se refiri\u00f3 a la protesta frente a la Casa Rosada que realiz\u00f3 su par de la Provincia de Salta,&nbsp;<strong>Gustavo S\u00e1enz<\/strong>, para exigir la reactivaci\u00f3n de la obra p\u00fablica. El reclamo se manifest\u00f3 mediante una guitarreada simb\u00f3lica.&nbsp;<\/p>\n\n\n\n<p>\u201cEse tipo de actitudes est\u00e1n bien\u201d, valor\u00f3 Jaldo. Sin embargo, remarc\u00f3 que en el caso de Tucum\u00e1n \u201clas cosas que nosotros pudimos conseguir para la provincia lo hicimos a trav\u00e9s del di\u00e1logo\u201d.<\/p>\n\n\n\n<p>En ese marco, indic\u00f3 que \u201clos gobernadores son elegidos por la voluntad popular, por eso tenemos toda la autoridad y toda la responsabilidad para hablar con un ministro de la Naci\u00f3n y hasta para hablar con el presidente\u201d.&nbsp;<\/p>\n\n\n\n<p>\u201cYo siempre prefiero el di\u00e1logo, y a trav\u00e9s del di\u00e1logo hemos tenido buenos resultados en la Tucum\u00e1n, donde todav\u00eda la Naci\u00f3n no ha cumplido el 100% de los compromisos que tiene con nuestra provincia, pero vamos a seguir trabajando y seguramente, por cansancio, el gobierno nacional le va a dar a Tucum\u00e1n lo que por ley y derecho le corresponde\u201d, concluy\u00f3 Jaldo.&nbsp;<\/p>\n","protected":false},"excerpt":{"rendered":"<p>El Gobernador en uso de licencia remarc\u00f3 que los mandatarios provinciales tiene autoridad para negociar&#8230;<\/p>\n","protected":false},"author":2,"featured_media":0,"comment_status":"open","ping_status":"open","sticky":false,"template":"","format":"standard","meta":{"footnotes":""},"categories":[2],"tags":[],"class_list":["post-47900","post","type-post","status-publish","format-standard","hentry","category-locales"],"_links":{"self":[{"href":"https:\/\/masquenoticiastucuman.com.ar\/index.php?rest_route=\/wp\/v2\/posts\/47900","targetHints":{"allow":["GET"]}}],"collection":[{"href":"https:\/\/masquenoticiastucuman.com.ar\/index.php?rest_route=\/wp\/v2\/posts"}],"about":[{"href":"https:\/\/masquenoticiastucuman.com.ar\/index.php?rest_route=\/wp\/v2\/types\/post"}],"author":[{"embeddable":true,"href":"https:\/\/masquenoticiastucuman.com.ar\/index.php?rest_route=\/wp\/v2\/users\/2"}],"replies":[{"embeddable":true,"href":"https:\/\/masquenoticiastucuman.com.ar\/index.php?rest_route=%2Fwp%2Fv2%2Fcomments&post=47900"}],"version-history":[{"count":1,"href":"https:\/\/masquenoticiastucuman.com.ar\/index.php?rest_route=\/wp\/v2\/posts\/47900\/revisions"}],"predecessor-version":[{"id":47902,"href":"https:\/\/masquenoticiastucuman.com.ar\/index.php?rest_route=\/wp\/v2\/posts\/47900\/revisions\/47902"}],"wp:attachment":[{"href":"https:\/\/masquenoticiastucuman.com.ar\/index.php?rest_route=%2Fwp%2Fv2%2Fmedia&parent=47900"}],"wp:term":[{"taxonomy":"category","embeddable":true,"href":"https:\/\/masquenoticiastucuman.com.ar\/index.php?rest_route=%2Fwp%2Fv2%2Fcategories&post=47900"},{"taxonomy":"post_tag","embeddable":true,"href":"https:\/\/masquenoticiastucuman.com.ar\/index.php?rest_route=%2Fwp%2Fv2%2Ftags&post=47900"}],"curies":[{"name":"wp","href":"https:\/\/api.w.org\/{rel}","templated":true}]}}