{"id":47909,"date":"2025-10-07T17:01:02","date_gmt":"2025-10-07T20:01:02","guid":{"rendered":"http:\/\/masquenoticiastucuman.com.ar\/?p=47909"},"modified":"2025-10-07T17:01:02","modified_gmt":"2025-10-07T20:01:02","slug":"estamos-reinvirtiendo-fuerte-una-fruta-vive-un-sorpresivo-boom-en-las-exportaciones-y-esperan-dos-anos-con-demanda-sostenida","status":"publish","type":"post","link":"https:\/\/masquenoticiastucuman.com.ar\/?p=47909","title":{"rendered":"&#8220;Estamos reinvirtiendo fuerte&#8221;: una fruta vive un sorpresivo boom en las exportaciones y esperan dos a\u00f1os con demanda sostenida"},"content":{"rendered":"<ul>\n<li>Las exportaciones de c\u00edtricos crecieron 27% en valor y 21% en volumen durante 2025. <\/li>\n<li>Europa aument\u00f3 su demanda ante la menor producci\u00f3n en Espa\u00f1a y Turqu\u00eda, y el pa\u00eds busca recuperar vol\u00famenes y mercados para 2026.<\/li>\n<\/ul>","protected":false},"excerpt":{"rendered":"<p>Las exportaciones de c\u00edtricos crecieron 27% en valor y 21% en volumen durante 2025. Europa&#8230;<\/p>\n","protected":false},"author":1,"featured_media":0,"comment_status":"open","ping_status":"open","sticky":false,"template":"","format":"standard","meta":{"footnotes":""},"categories":[],"tags":[],"class_list":["post-47909","post","type-post","status-publish","format-standard","hentry"],"_links":{"self":[{"href":"https:\/\/masquenoticiastucuman.com.ar\/index.php?rest_route=\/wp\/v2\/posts\/47909","targetHints":{"allow":["GET"]}}],"collection":[{"href":"https:\/\/masquenoticiastucuman.com.ar\/index.php?rest_route=\/wp\/v2\/posts"}],"about":[{"href":"https:\/\/masquenoticiastucuman.com.ar\/index.php?rest_route=\/wp\/v2\/types\/post"}],"author":[{"embeddable":true,"href":"https:\/\/masquenoticiastucuman.com.ar\/index.php?rest_route=\/wp\/v2\/users\/1"}],"replies":[{"embeddable":true,"href":"https:\/\/masquenoticiastucuman.com.ar\/index.php?rest_route=%2Fwp%2Fv2%2Fcomments&post=47909"}],"version-history":[{"count":0,"href":"https:\/\/masquenoticiastucuman.com.ar\/index.php?rest_route=\/wp\/v2\/posts\/47909\/revisions"}],"wp:attachment":[{"href":"https:\/\/masquenoticiastucuman.com.ar\/index.php?rest_route=%2Fwp%2Fv2%2Fmedia&parent=47909"}],"wp:term":[{"taxonomy":"category","embeddable":true,"href":"https:\/\/masquenoticiastucuman.com.ar\/index.php?rest_route=%2Fwp%2Fv2%2Fcategories&post=47909"},{"taxonomy":"post_tag","embeddable":true,"href":"https:\/\/masquenoticiastucuman.com.ar\/index.php?rest_route=%2Fwp%2Fv2%2Ftags&post=47909"}],"curies":[{"name":"wp","href":"https:\/\/api.w.org\/{rel}","templated":true}]}}