{"id":47911,"date":"2025-10-07T21:01:02","date_gmt":"2025-10-08T00:01:02","guid":{"rendered":"http:\/\/masquenoticiastucuman.com.ar\/?p=47911"},"modified":"2025-10-07T21:01:02","modified_gmt":"2025-10-08T00:01:02","slug":"de-la-mano-del-campo-leandro-zdero-participo-de-una-expo-y-hablo-del-rol-clave-de-la-produccion","status":"publish","type":"post","link":"https:\/\/masquenoticiastucuman.com.ar\/?p=47911","title":{"rendered":"&#8220;De la mano del campo\u201d: Leandro Zdero particip\u00f3 de una expo y habl\u00f3 del rol clave de la producci\u00f3n"},"content":{"rendered":"<ul>\n<li>El gobernador chaque\u00f1o particip\u00f3 de la inauguraci\u00f3n oficial de la Exposici\u00f3n Nacional Primavera Braford, que se realiza en el predio de la Sociedad Rural del Chaco, con la fuerza de Expoagro. <\/li>\n<li>Un mensaje de apoyo al sector productivo, en el marco de la segunda jornada de actividades en Margarita Bel\u00e9n.<\/li>\n<\/ul>","protected":false},"excerpt":{"rendered":"<p>El gobernador chaque\u00f1o particip\u00f3 de la inauguraci\u00f3n oficial de la Exposici\u00f3n Nacional Primavera Braford, que&#8230;<\/p>\n","protected":false},"author":1,"featured_media":0,"comment_status":"open","ping_status":"open","sticky":false,"template":"","format":"standard","meta":{"footnotes":""},"categories":[],"tags":[],"class_list":["post-47911","post","type-post","status-publish","format-standard","hentry"],"_links":{"self":[{"href":"https:\/\/masquenoticiastucuman.com.ar\/index.php?rest_route=\/wp\/v2\/posts\/47911","targetHints":{"allow":["GET"]}}],"collection":[{"href":"https:\/\/masquenoticiastucuman.com.ar\/index.php?rest_route=\/wp\/v2\/posts"}],"about":[{"href":"https:\/\/masquenoticiastucuman.com.ar\/index.php?rest_route=\/wp\/v2\/types\/post"}],"author":[{"embeddable":true,"href":"https:\/\/masquenoticiastucuman.com.ar\/index.php?rest_route=\/wp\/v2\/users\/1"}],"replies":[{"embeddable":true,"href":"https:\/\/masquenoticiastucuman.com.ar\/index.php?rest_route=%2Fwp%2Fv2%2Fcomments&post=47911"}],"version-history":[{"count":0,"href":"https:\/\/masquenoticiastucuman.com.ar\/index.php?rest_route=\/wp\/v2\/posts\/47911\/revisions"}],"wp:attachment":[{"href":"https:\/\/masquenoticiastucuman.com.ar\/index.php?rest_route=%2Fwp%2Fv2%2Fmedia&parent=47911"}],"wp:term":[{"taxonomy":"category","embeddable":true,"href":"https:\/\/masquenoticiastucuman.com.ar\/index.php?rest_route=%2Fwp%2Fv2%2Fcategories&post=47911"},{"taxonomy":"post_tag","embeddable":true,"href":"https:\/\/masquenoticiastucuman.com.ar\/index.php?rest_route=%2Fwp%2Fv2%2Ftags&post=47911"}],"curies":[{"name":"wp","href":"https:\/\/api.w.org\/{rel}","templated":true}]}}