{"id":47921,"date":"2025-10-08T09:27:20","date_gmt":"2025-10-08T12:27:20","guid":{"rendered":"https:\/\/masquenoticiastucuman.com.ar\/?p=47921"},"modified":"2025-10-08T09:27:21","modified_gmt":"2025-10-08T12:27:21","slug":"acevedo-celebro-el-reconocimiento-a-los-docentes-municipales-de-yerba-buena","status":"publish","type":"post","link":"https:\/\/masquenoticiastucuman.com.ar\/?p=47921","title":{"rendered":"Acevedo celebr\u00f3 el reconocimiento a los docentes municipales de Yerba Buena"},"content":{"rendered":"\n<p>El Vicegobernador a cargo del Poder Ejecutivo visit\u00f3 el establecimiento \u201cPetrona Jim\u00e9nez Campero de Adami\u201d para celebrar la incorporaci\u00f3n de los cargos docentes municipales a la estructura provincial, fruto del trabajo conjunto con el gobernador Osvaldo Jaldo.<\/p>\n\n\n\n<p>En Yerba Buena, el vicegobernador a cargo del Poder Ejecutivo,&nbsp;<strong>Miguel Acevedo<\/strong>, visit\u00f3 la Escuela Municipal \u201cPetrona Jim\u00e9nez Campero de Adami\u201d, donde fue recibido por autoridades educativas, docentes y alumnos del nivel primario y secundario.<\/p>\n\n\n\n<p>El encuentro se dio en el marco de la reciente firma del acuerdo institucional entre el Ministerio del Interior y la Municipalidad de Yerba Buena, que permiti\u00f3 la incorporaci\u00f3n formal de cargos docentes municipales a la estructura de c\u00f3mputos de la Provincia.<\/p>\n\n\n\n<p>La medida, ejecutada por el gobernador&nbsp;<strong>Osvaldo Jaldo,&nbsp;<\/strong>se encuadra en el Pacto Fiscal que la Provincia sostiene con los municipios y representa un paso hist\u00f3rico hacia la regularizaci\u00f3n laboral y el reconocimiento del trabajo docente.<\/p>\n\n\n\n<figure class=\"wp-block-image size-large\"><img decoding=\"async\" src=\"https:\/\/masquenoticiastucuman.com.ar\/wp-content\/uploads\/2025\/10\/251007133302_29333-1024x683.jpeg\" alt=\"\" class=\"wp-image-47922\" \/><\/figure>\n\n\n\n<p>Durante el acto, estuvieron presentes el intendente de Yerba Buena,<strong>&nbsp;Pablo Macchiarola;<\/strong>&nbsp;el secretario general del Sindicato de Empleados Municipales de Yerba Buena,&nbsp;<strong>Roberto Salcedo;&nbsp;<\/strong>concejales; y autoridades de los tres niveles educativos del establecimiento:<strong>&nbsp;Victoria Marcela Lla\u00f1ez&nbsp;<\/strong>(directora del nivel primario),<strong>&nbsp;Gustavo Ricciuti&nbsp;<\/strong>(rector del nivel secundario) e<strong>&nbsp;Iris Aebicher<\/strong>&nbsp;(directora del nivel inicial).<\/p>\n\n\n\n<p>\u201cHoy ten\u00eda el compromiso de llegarme hasta la escuela Abejita, donde se hizo un reconocimiento a los docentes. Participamos todos: gobierno provincial, el Ministerio del Interior, el gobierno municipal, y yo haciendo las gestiones desde la Legislatura. Felizmente, llegamos a algo que es hacer justicia: que los docentes, despu\u00e9s de muchos a\u00f1os y d\u00e9cadas de lucha, obtengan el escalaf\u00f3n docente que les correspond\u00eda\u00bb, sostuvo el vicegobernador.&nbsp;<\/p>\n\n\n\n<p>Acevedo celebr\u00f3 el trabajo conjunto entre las instituciones y destac\u00f3 la importancia de recuperar la confianza en la gesti\u00f3n p\u00fablica: \u201cEsto demuestra que, cuando trabajamos juntos, se logran grandes cosas. Es un acto de reparaci\u00f3n y de compromiso. Que los docentes tengan hoy la tranquilidad laboral y los beneficios que merecen les permitir\u00e1 dedicarse plenamente a educar mejor a nuestros ni\u00f1os y ni\u00f1as. Para eso debemos seguir unidos, generando confianza en nuestras instituciones.\u201d<\/p>\n\n\n\n<p>El intendente&nbsp;<strong>Pablo Macchiarola<\/strong>&nbsp;acompa\u00f1\u00f3 la visita y valor\u00f3 el trabajo articulado con el Gobierno provincial: \u201cEs una gran escuela y un motivo de orgullo para el gobierno municipal. Tiene 35 a\u00f1os de historia y arrastraba un conflicto sin resolver: su cuerpo docente estaba contratado como monotributista, bajo un r\u00e9gimen de locaci\u00f3n de servicios. Gracias a la buena voluntad del Gobierno de la Provincia, al di\u00e1logo permanente con el sindicato municipal y a la coordinaci\u00f3n institucional, pudimos llegar a una soluci\u00f3n definitiva.\u201d<\/p>\n\n\n\n<p>El rector del nivel secundario,&nbsp;<strong>Gustavo Ricciuti,&nbsp;<\/strong>expres\u00f3: \u201cEs una alegr\u00eda enorme, una satisfacci\u00f3n y un orgullo. Fueron muchos a\u00f1os de lucha, y hoy vemos los frutos del esfuerzo conjunto entre el Ejecutivo provincial, el municipal y los docentes. Este reconocimiento es m\u00e1s que positivo: pasamos de ser monotributistas, sin obra social ni aportes jubilatorios, a contar con estabilidad laboral, aguinaldo y los beneficios del r\u00e9gimen docente. Es un cambio profundo que nos dignifica.\u201d<\/p>\n\n\n\n<p>Por su parte, el secretario general del sindicato,<strong>&nbsp;Roberto Salcedo,<\/strong>&nbsp;record\u00f3: \u201cQueremos resaltar que cuando el actual vicegobernador estaba en el Poder Legislativo, siempre nos recibi\u00f3 con respeto y empat\u00eda. Hoy vemos los resultados de ese camino iniciado hace tiempo. Nos llena de orgullo que el sindicato haya sido parte de la soluci\u00f3n y no del problema. Este reconocimiento es un logro colectivo y un ejemplo de di\u00e1logo institucional.\u201d<\/p>\n\n\n\n<p>La delegada del nivel primario,<strong>&nbsp;Marcela Brizuela,&nbsp;<\/strong>tambi\u00e9n manifest\u00f3 su emoci\u00f3n: \u201cRecibir al vicegobernador hoy fue cumplir un sue\u00f1o que parec\u00eda lejano. Hace m\u00e1s de un a\u00f1o \u00e9l nos abri\u00f3 las puertas de la Legislatura y desde ese momento nos acompa\u00f1\u00f3 paso a paso hasta concretar este objetivo. Hoy, gracias a la decisi\u00f3n del gobernador Osvaldo Jaldo, todos los docentes somos iguales y tenemos los mismos derechos y beneficios. Es un cambio enorme para nuestras familias y para la educaci\u00f3n.\u201d<\/p>\n\n\n\n<p>Brizuela subray\u00f3 adem\u00e1s el crecimiento de la instituci\u00f3n: \u201cNuestra escuela tiene 12 salas de nivel inicial, 12 grados en el nivel primario y m\u00e1s de 15 aulas en el secundario, con una matr\u00edcula promedio de 30 alumnos por curso. Contamos con ingl\u00e9s desde jard\u00edn, computaci\u00f3n, m\u00fasica, deportes y programas internacionales. Es una escuela de vanguardia, con un gran equipo docente que hoy celebra este reconocimiento.\u201d<\/p>\n","protected":false},"excerpt":{"rendered":"<p>El Vicegobernador a cargo del Poder Ejecutivo visit\u00f3 el establecimiento \u201cPetrona Jim\u00e9nez Campero de Adami\u201d&#8230;<\/p>\n","protected":false},"author":2,"featured_media":0,"comment_status":"open","ping_status":"open","sticky":false,"template":"","format":"standard","meta":{"footnotes":""},"categories":[2],"tags":[],"class_list":["post-47921","post","type-post","status-publish","format-standard","hentry","category-locales"],"_links":{"self":[{"href":"https:\/\/masquenoticiastucuman.com.ar\/index.php?rest_route=\/wp\/v2\/posts\/47921","targetHints":{"allow":["GET"]}}],"collection":[{"href":"https:\/\/masquenoticiastucuman.com.ar\/index.php?rest_route=\/wp\/v2\/posts"}],"about":[{"href":"https:\/\/masquenoticiastucuman.com.ar\/index.php?rest_route=\/wp\/v2\/types\/post"}],"author":[{"embeddable":true,"href":"https:\/\/masquenoticiastucuman.com.ar\/index.php?rest_route=\/wp\/v2\/users\/2"}],"replies":[{"embeddable":true,"href":"https:\/\/masquenoticiastucuman.com.ar\/index.php?rest_route=%2Fwp%2Fv2%2Fcomments&post=47921"}],"version-history":[{"count":1,"href":"https:\/\/masquenoticiastucuman.com.ar\/index.php?rest_route=\/wp\/v2\/posts\/47921\/revisions"}],"predecessor-version":[{"id":47924,"href":"https:\/\/masquenoticiastucuman.com.ar\/index.php?rest_route=\/wp\/v2\/posts\/47921\/revisions\/47924"}],"wp:attachment":[{"href":"https:\/\/masquenoticiastucuman.com.ar\/index.php?rest_route=%2Fwp%2Fv2%2Fmedia&parent=47921"}],"wp:term":[{"taxonomy":"category","embeddable":true,"href":"https:\/\/masquenoticiastucuman.com.ar\/index.php?rest_route=%2Fwp%2Fv2%2Fcategories&post=47921"},{"taxonomy":"post_tag","embeddable":true,"href":"https:\/\/masquenoticiastucuman.com.ar\/index.php?rest_route=%2Fwp%2Fv2%2Ftags&post=47921"}],"curies":[{"name":"wp","href":"https:\/\/api.w.org\/{rel}","templated":true}]}}