{"id":47933,"date":"2025-10-08T09:31:05","date_gmt":"2025-10-08T12:31:05","guid":{"rendered":"http:\/\/masquenoticiastucuman.com.ar\/?p=47933"},"modified":"2025-10-08T09:31:05","modified_gmt":"2025-10-08T12:31:05","slug":"racing-sale-al-mercado-por-la-lesion-de-elias-torres-las-opciones-que-baraja-costas-que-pueden-potenciarlo-en-la-copa-libertadores","status":"publish","type":"post","link":"https:\/\/masquenoticiastucuman.com.ar\/?p=47933","title":{"rendered":"Racing sale al mercado por la lesi\u00f3n de El\u00edas Torres: las opciones que baraja Costas que pueden potenciarlo en la Copa Libertadores"},"content":{"rendered":"<ul>\n<li>La Secretar\u00eda T\u00e9cnica le confirm\u00f3 a Clar\u00edn que buscar\u00e1 un remplazante para el delantero cordob\u00e9s de 24 a\u00f1os.<\/li>\n<li>En la lista de la Copa puede hacer tres incorporaciones \/ modificaciones.<\/li>\n<\/ul>\n<p>\u200bLa Secretar\u00eda T\u00e9cnica le confirm\u00f3 a Clar\u00edn que buscar\u00e1 un remplazante para el delantero cordob\u00e9s de 24 a\u00f1os.En la lista de la Copa puede hacer tres incorporaciones \/ modificaciones.\u00a0<a href=\"https:\/\/www.clarin.com\/deportes\/racing-sale-mercado-lesion-elias-torres-opciones-baraja-costas-pueden-potenciarlo-copa-libertadores_0_BaE3cIGJ27.html\" target=\"_blank\" class=\"feedzy-rss-link-icon\">Read More<\/a><\/p>","protected":false},"excerpt":{"rendered":"<p>La Secretar\u00eda T\u00e9cnica le confirm\u00f3 a Clar\u00edn que buscar\u00e1 un remplazante para el delantero cordob\u00e9s&#8230;<\/p>\n","protected":false},"author":1,"featured_media":0,"comment_status":"open","ping_status":"open","sticky":false,"template":"","format":"standard","meta":{"footnotes":""},"categories":[1],"tags":[],"class_list":["post-47933","post","type-post","status-publish","format-standard","hentry","category-uncategorized"],"_links":{"self":[{"href":"https:\/\/masquenoticiastucuman.com.ar\/index.php?rest_route=\/wp\/v2\/posts\/47933","targetHints":{"allow":["GET"]}}],"collection":[{"href":"https:\/\/masquenoticiastucuman.com.ar\/index.php?rest_route=\/wp\/v2\/posts"}],"about":[{"href":"https:\/\/masquenoticiastucuman.com.ar\/index.php?rest_route=\/wp\/v2\/types\/post"}],"author":[{"embeddable":true,"href":"https:\/\/masquenoticiastucuman.com.ar\/index.php?rest_route=\/wp\/v2\/users\/1"}],"replies":[{"embeddable":true,"href":"https:\/\/masquenoticiastucuman.com.ar\/index.php?rest_route=%2Fwp%2Fv2%2Fcomments&post=47933"}],"version-history":[{"count":0,"href":"https:\/\/masquenoticiastucuman.com.ar\/index.php?rest_route=\/wp\/v2\/posts\/47933\/revisions"}],"wp:attachment":[{"href":"https:\/\/masquenoticiastucuman.com.ar\/index.php?rest_route=%2Fwp%2Fv2%2Fmedia&parent=47933"}],"wp:term":[{"taxonomy":"category","embeddable":true,"href":"https:\/\/masquenoticiastucuman.com.ar\/index.php?rest_route=%2Fwp%2Fv2%2Fcategories&post=47933"},{"taxonomy":"post_tag","embeddable":true,"href":"https:\/\/masquenoticiastucuman.com.ar\/index.php?rest_route=%2Fwp%2Fv2%2Ftags&post=47933"}],"curies":[{"name":"wp","href":"https:\/\/api.w.org\/{rel}","templated":true}]}}