{"id":47937,"date":"2025-10-08T10:01:05","date_gmt":"2025-10-08T13:01:05","guid":{"rendered":"http:\/\/masquenoticiastucuman.com.ar\/?p=47937"},"modified":"2025-10-08T10:01:05","modified_gmt":"2025-10-08T13:01:05","slug":"es-muy-indignante-la-bronca-de-una-empresaria-lactea-que-no-puede-despedir-a-los-que-le-bloquearon-la-planta","status":"publish","type":"post","link":"https:\/\/masquenoticiastucuman.com.ar\/?p=47937","title":{"rendered":"&#8220;Es muy indignante&#8221;: la bronca de una empresaria l\u00e1ctea que no puede despedir a los que le bloquearon la planta"},"content":{"rendered":"<ul>\n<li>La pyme recibi\u00f3 una carta documento en la que se informa que uno de los sindicalistas que particip\u00f3 del bloqueo de 2022 fue elegido nuevamente como vocal titular del gremio lechero. <\/li>\n<li>Alejandra Bada V\u00e1zquez cuestion\u00f3 que, pese a estar imputado, mantenga la protecci\u00f3n sindical y cobre sin trabajar desde hace tres a\u00f1os.<\/li>\n<\/ul>","protected":false},"excerpt":{"rendered":"<p>La pyme recibi\u00f3 una carta documento en la que se informa que uno de los&#8230;<\/p>\n","protected":false},"author":1,"featured_media":0,"comment_status":"open","ping_status":"open","sticky":false,"template":"","format":"standard","meta":{"footnotes":""},"categories":[],"tags":[],"class_list":["post-47937","post","type-post","status-publish","format-standard","hentry"],"_links":{"self":[{"href":"https:\/\/masquenoticiastucuman.com.ar\/index.php?rest_route=\/wp\/v2\/posts\/47937","targetHints":{"allow":["GET"]}}],"collection":[{"href":"https:\/\/masquenoticiastucuman.com.ar\/index.php?rest_route=\/wp\/v2\/posts"}],"about":[{"href":"https:\/\/masquenoticiastucuman.com.ar\/index.php?rest_route=\/wp\/v2\/types\/post"}],"author":[{"embeddable":true,"href":"https:\/\/masquenoticiastucuman.com.ar\/index.php?rest_route=\/wp\/v2\/users\/1"}],"replies":[{"embeddable":true,"href":"https:\/\/masquenoticiastucuman.com.ar\/index.php?rest_route=%2Fwp%2Fv2%2Fcomments&post=47937"}],"version-history":[{"count":0,"href":"https:\/\/masquenoticiastucuman.com.ar\/index.php?rest_route=\/wp\/v2\/posts\/47937\/revisions"}],"wp:attachment":[{"href":"https:\/\/masquenoticiastucuman.com.ar\/index.php?rest_route=%2Fwp%2Fv2%2Fmedia&parent=47937"}],"wp:term":[{"taxonomy":"category","embeddable":true,"href":"https:\/\/masquenoticiastucuman.com.ar\/index.php?rest_route=%2Fwp%2Fv2%2Fcategories&post=47937"},{"taxonomy":"post_tag","embeddable":true,"href":"https:\/\/masquenoticiastucuman.com.ar\/index.php?rest_route=%2Fwp%2Fv2%2Ftags&post=47937"}],"curies":[{"name":"wp","href":"https:\/\/api.w.org\/{rel}","templated":true}]}}