{"id":47939,"date":"2025-10-08T10:37:45","date_gmt":"2025-10-08T13:37:45","guid":{"rendered":"https:\/\/masquenoticiastucuman.com.ar\/?p=47939"},"modified":"2025-10-08T10:37:46","modified_gmt":"2025-10-08T13:37:46","slug":"jaldo-apostamos-a-que-el-gobierno-nacional-encuentre-el-rumbo-economico","status":"publish","type":"post","link":"https:\/\/masquenoticiastucuman.com.ar\/?p=47939","title":{"rendered":"Jaldo: &#8220;Apostamos a que el gobierno nacional encuentre el rumbo econ\u00f3mico&#8221;"},"content":{"rendered":"\n<p>El gobernador en uso de licencia se refiri\u00f3 en rueda de prensa a la situaci\u00f3n de crisis que atraviesan algunos sectores productivos como autopartes -caso Scania- y textil.<\/p>\n\n\n\n<p id=\"isPasted\">El gobernador en uso de licencia,&nbsp;<strong>Osvaldo Jaldo<\/strong>&nbsp;volvi\u00f3 a reiterar que le preocupa \u201cTodo\u201d en la marcha de la econom\u00eda nacional, sobre todo las variables macroecon\u00f3micas que \u201ctodav\u00eda no encuentran el rumbo correcto\u201d, apuntal\u00f3.<\/p>\n\n\n\n<p>Reforz\u00f3 sus dichos diciendo: \u201cEstamos dependiendo de que el gobierno nacional encuentre el camino de una vez por todas, porque la verdad que ya lleva dos a\u00f1os, y en dos a\u00f1os m\u00e1s termina el mandato. As\u00ed que nosotros, desde Tucum\u00e1n,&nbsp;<strong>apostamos que el gobierno nacional encuentre rumbo<\/strong>, defina las variables macroecon\u00f3micas para que&nbsp;<strong>las provincias, el sector industrial y productivo podamos proyectar qu\u00e9 tipo de Argentina queremos en el presente y fundamentalmente para el futuro\u201d.<\/strong><\/p>\n\n\n\n<blockquote class=\"wp-block-quote is-layout-flow wp-block-quote-is-layout-flow\">\n<p>\u201cHoy ning\u00fan empresario puede trabajar con tasas de inter\u00e9s del setenta, ochenta por ciento. No hay ninguna actividad que tenga una rentabilidad que te permita pagar una tasa de inter\u00e9s de esos niveles, es decir, que hoy la Argentina no tiene cr\u00e9dito para los que producen, los que industrializan, los que comercializan, no hay cr\u00e9dito, no hay financiamiento, y si no hay financiamiento, no hay producci\u00f3n, no hay industria en la Argentina\u201d, remat\u00f3 Jaldo.<\/p>\n<\/blockquote>\n\n\n\n<p>En ese sentido Jaldo asever\u00f3 que el gobierno nacional tiene que \u201cempezar a acomodar las variables macroecon\u00f3micas. \u00bfCon qu\u00e9 d\u00f3lares vamos a producir? \u00bfVamos a sembrar soja, poroto, ma\u00edz, trigo? Ahora, \u00bfcon qu\u00e9 d\u00f3lar vamos a hacer las proyecciones cuando lo vendamos? No hay hoy una definici\u00f3n y mucho menos una estabilidad que nos permita hacer proyecciones\u201d. Tambi\u00e9n remarc\u00f3 la inestabilidad del riesgo pa\u00eds. \u201cSe mueve permanentemente, y el riesgo pa\u00eds tiene que ver con la tasa de inter\u00e9s, con los inversores que puedan venir sino con los que hoy est\u00e1n en el pa\u00eds y se pueden ir. Este es el problema que estamos teniendo\u201d.<\/p>\n\n\n\n<h3 class=\"wp-block-heading\">Importaciones<\/h3>\n\n\n\n<p>\u201cNi qu\u00e9 hablar de la pol\u00edtica de abrir las importaciones y a Tucum\u00e1n le est\u00e1 haciendo mucho da\u00f1o, si bien hasta el momento, gracias a Dios, no perdiendo fuentes de trabajo, pero s\u00ed se est\u00e1n perdiendo sueldos o jornales\u201d, ejemplific\u00f3 y agreg\u00f3: \u201cHoy hay empresas textiles que ten\u00edan tres turnos de ocho horas, o sea, laburaban con una capacidad del 100% las plantas, tres turnos de ocho horas. Hoy est\u00e1n trabajando un solo turno de ocho horas, quiere decir que el personal no est\u00e1 cobrando las otras diecis\u00e9is horas, y es mucha plata\u201d, explic\u00f3 Jaldo.<\/p>\n\n\n\n<p>Luego sigui\u00f3 con el ejemplo de la empresa de autopartes de camiones Scania. \u201c\u00bfCu\u00e1ndo ustedes han escuchado en Tucum\u00e1n que la (empresa) Scania ha tenido problemas?. En los cuarenta a\u00f1os que llevo nunca escuch\u00e9 que haya tenido problemas. Hoy para veinte d\u00edas su producci\u00f3n cada uno o dos meses y para que una empresa internacional de la magnitud de Scania tenga esta consecuencia no es un sem\u00e1foro amarillo, ya es un sem\u00e1foro rojo y tenemos que estar muy atentos\u201d, alert\u00f3 el mandatario en uso de licencia. &nbsp;<\/p>\n\n\n\n<p>Por \u00faltimo, luego de enumerar la crisis coyuntural que vive el sector textil, la actividad sucroalcoholera (no se le reconoce el precio en el corte de etanol) y el bajo precio del az\u00facar, s\u00f3lo rescat\u00f3 la producci\u00f3n del lim\u00f3n \u201cque se acomod\u00f3 un poquito la zafra por los precios internacionales\u201d, indic\u00f3. &nbsp;<\/p>\n","protected":false},"excerpt":{"rendered":"<p>El gobernador en uso de licencia se refiri\u00f3 en rueda de prensa a la situaci\u00f3n&#8230;<\/p>\n","protected":false},"author":2,"featured_media":0,"comment_status":"open","ping_status":"open","sticky":false,"template":"","format":"standard","meta":{"footnotes":""},"categories":[2],"tags":[],"class_list":["post-47939","post","type-post","status-publish","format-standard","hentry","category-locales"],"_links":{"self":[{"href":"https:\/\/masquenoticiastucuman.com.ar\/index.php?rest_route=\/wp\/v2\/posts\/47939","targetHints":{"allow":["GET"]}}],"collection":[{"href":"https:\/\/masquenoticiastucuman.com.ar\/index.php?rest_route=\/wp\/v2\/posts"}],"about":[{"href":"https:\/\/masquenoticiastucuman.com.ar\/index.php?rest_route=\/wp\/v2\/types\/post"}],"author":[{"embeddable":true,"href":"https:\/\/masquenoticiastucuman.com.ar\/index.php?rest_route=\/wp\/v2\/users\/2"}],"replies":[{"embeddable":true,"href":"https:\/\/masquenoticiastucuman.com.ar\/index.php?rest_route=%2Fwp%2Fv2%2Fcomments&post=47939"}],"version-history":[{"count":1,"href":"https:\/\/masquenoticiastucuman.com.ar\/index.php?rest_route=\/wp\/v2\/posts\/47939\/revisions"}],"predecessor-version":[{"id":47941,"href":"https:\/\/masquenoticiastucuman.com.ar\/index.php?rest_route=\/wp\/v2\/posts\/47939\/revisions\/47941"}],"wp:attachment":[{"href":"https:\/\/masquenoticiastucuman.com.ar\/index.php?rest_route=%2Fwp%2Fv2%2Fmedia&parent=47939"}],"wp:term":[{"taxonomy":"category","embeddable":true,"href":"https:\/\/masquenoticiastucuman.com.ar\/index.php?rest_route=%2Fwp%2Fv2%2Fcategories&post=47939"},{"taxonomy":"post_tag","embeddable":true,"href":"https:\/\/masquenoticiastucuman.com.ar\/index.php?rest_route=%2Fwp%2Fv2%2Ftags&post=47939"}],"curies":[{"name":"wp","href":"https:\/\/api.w.org\/{rel}","templated":true}]}}