{"id":47942,"date":"2025-10-08T12:54:51","date_gmt":"2025-10-08T15:54:51","guid":{"rendered":"https:\/\/masquenoticiastucuman.com.ar\/?p=47942"},"modified":"2025-10-08T12:54:52","modified_gmt":"2025-10-08T15:54:52","slug":"durante-patrullajes-la-policia-detuvo-a-tres-profugos-de-la-justicia","status":"publish","type":"post","link":"https:\/\/masquenoticiastucuman.com.ar\/?p=47942","title":{"rendered":"Durante patrullajes, la Polic\u00eda detuvo a tres pr\u00f3fugos de la Justicia"},"content":{"rendered":"\n<p>Diversos equipos de la Direcci\u00f3n de Operaciones Motorizadas (D.O.M.T) aprehendieron, entre la jornada de este \u00faltimo martes y hoy, a varias personas que se encontraban fugitivas.<\/p>\n\n\n\n<p id=\"isPasted\">Diversos equipos de la Direcci\u00f3n de Operaciones Motorizadas (D.O.M.T) aprehendieron, entre la jornada de este \u00faltimo martes y hoy, a varias personas que se encontraban fugitivas.<\/p>\n\n\n\n<p>En horas de la ma\u00f1ana de ayer, los uniformados atraparon a un hombre involucrado en una causa por un hecho de amenazas y uso de arma. Por otra parte, pasadas las 20 horas de ese mismo d\u00eda, otro cuerpo de efectivos recorr\u00eda zonas de la capital tucumana y divis\u00f3 a un sospechoso a quien, luego de identificarlo, trasladaron a la dependencia policial ya que tambi\u00e9n contaba con un requerimiento judicial por varios hechos il\u00edcitos. En esa misma l\u00ednea, durante la madrugada de este mi\u00e9rcoles, motoristas de esa misma Unidad detuvieron a un evadido de la Ley sobre quien reca\u00eda un pedido de captura por robo.<\/p>\n\n\n\n<p>Los tres imputados quedaron alojados en las Comisar\u00edas Once, S\u00e9ptima y D\u00e9cima, respectivamente, a la espera de nuevas disposiciones judiciales sobre la situaci\u00f3n procesal de cada uno.<\/p>\n","protected":false},"excerpt":{"rendered":"<p>Diversos equipos de la Direcci\u00f3n de Operaciones Motorizadas (D.O.M.T) aprehendieron, entre la jornada de este&#8230;<\/p>\n","protected":false},"author":2,"featured_media":0,"comment_status":"open","ping_status":"open","sticky":false,"template":"","format":"standard","meta":{"footnotes":""},"categories":[2],"tags":[],"class_list":["post-47942","post","type-post","status-publish","format-standard","hentry","category-locales"],"_links":{"self":[{"href":"https:\/\/masquenoticiastucuman.com.ar\/index.php?rest_route=\/wp\/v2\/posts\/47942","targetHints":{"allow":["GET"]}}],"collection":[{"href":"https:\/\/masquenoticiastucuman.com.ar\/index.php?rest_route=\/wp\/v2\/posts"}],"about":[{"href":"https:\/\/masquenoticiastucuman.com.ar\/index.php?rest_route=\/wp\/v2\/types\/post"}],"author":[{"embeddable":true,"href":"https:\/\/masquenoticiastucuman.com.ar\/index.php?rest_route=\/wp\/v2\/users\/2"}],"replies":[{"embeddable":true,"href":"https:\/\/masquenoticiastucuman.com.ar\/index.php?rest_route=%2Fwp%2Fv2%2Fcomments&post=47942"}],"version-history":[{"count":1,"href":"https:\/\/masquenoticiastucuman.com.ar\/index.php?rest_route=\/wp\/v2\/posts\/47942\/revisions"}],"predecessor-version":[{"id":47944,"href":"https:\/\/masquenoticiastucuman.com.ar\/index.php?rest_route=\/wp\/v2\/posts\/47942\/revisions\/47944"}],"wp:attachment":[{"href":"https:\/\/masquenoticiastucuman.com.ar\/index.php?rest_route=%2Fwp%2Fv2%2Fmedia&parent=47942"}],"wp:term":[{"taxonomy":"category","embeddable":true,"href":"https:\/\/masquenoticiastucuman.com.ar\/index.php?rest_route=%2Fwp%2Fv2%2Fcategories&post=47942"},{"taxonomy":"post_tag","embeddable":true,"href":"https:\/\/masquenoticiastucuman.com.ar\/index.php?rest_route=%2Fwp%2Fv2%2Ftags&post=47942"}],"curies":[{"name":"wp","href":"https:\/\/api.w.org\/{rel}","templated":true}]}}