{"id":47949,"date":"2025-10-08T16:01:02","date_gmt":"2025-10-08T19:01:02","guid":{"rendered":"http:\/\/masquenoticiastucuman.com.ar\/?p=47949"},"modified":"2025-10-08T16:01:02","modified_gmt":"2025-10-08T19:01:02","slug":"el-mani-reafirmo-su-liderazgo-mundial-en-anuga-2025-se-vienen-nuevas-iniciativas-para-el-desarrollo-del-sector","status":"publish","type":"post","link":"https:\/\/masquenoticiastucuman.com.ar\/?p=47949","title":{"rendered":"El man\u00ed reafirm\u00f3 su liderazgo mundial en Anuga 2025: se vienen nuevas iniciativas para el desarrollo del sector"},"content":{"rendered":"<ul>\n<li>La C\u00e1mara Argentina del Man\u00ed (CAM) acompa\u00f1\u00f3 a las principales empresas exportadoras del pa\u00eds.<\/li>\n<li>La delegaci\u00f3n argentina estuvo integrada por su presidente, Diego Bracco, y por Luis Macario, ex presidente de la entidad y actual titular de la Uni\u00f3n Industrial de C\u00f3rdoba<\/li>\n<\/ul>","protected":false},"excerpt":{"rendered":"<p>La C\u00e1mara Argentina del Man\u00ed (CAM) acompa\u00f1\u00f3 a las principales empresas exportadoras del pa\u00eds. La&#8230;<\/p>\n","protected":false},"author":1,"featured_media":0,"comment_status":"open","ping_status":"open","sticky":false,"template":"","format":"standard","meta":{"footnotes":""},"categories":[],"tags":[],"class_list":["post-47949","post","type-post","status-publish","format-standard","hentry"],"_links":{"self":[{"href":"https:\/\/masquenoticiastucuman.com.ar\/index.php?rest_route=\/wp\/v2\/posts\/47949","targetHints":{"allow":["GET"]}}],"collection":[{"href":"https:\/\/masquenoticiastucuman.com.ar\/index.php?rest_route=\/wp\/v2\/posts"}],"about":[{"href":"https:\/\/masquenoticiastucuman.com.ar\/index.php?rest_route=\/wp\/v2\/types\/post"}],"author":[{"embeddable":true,"href":"https:\/\/masquenoticiastucuman.com.ar\/index.php?rest_route=\/wp\/v2\/users\/1"}],"replies":[{"embeddable":true,"href":"https:\/\/masquenoticiastucuman.com.ar\/index.php?rest_route=%2Fwp%2Fv2%2Fcomments&post=47949"}],"version-history":[{"count":0,"href":"https:\/\/masquenoticiastucuman.com.ar\/index.php?rest_route=\/wp\/v2\/posts\/47949\/revisions"}],"wp:attachment":[{"href":"https:\/\/masquenoticiastucuman.com.ar\/index.php?rest_route=%2Fwp%2Fv2%2Fmedia&parent=47949"}],"wp:term":[{"taxonomy":"category","embeddable":true,"href":"https:\/\/masquenoticiastucuman.com.ar\/index.php?rest_route=%2Fwp%2Fv2%2Fcategories&post=47949"},{"taxonomy":"post_tag","embeddable":true,"href":"https:\/\/masquenoticiastucuman.com.ar\/index.php?rest_route=%2Fwp%2Fv2%2Ftags&post=47949"}],"curies":[{"name":"wp","href":"https:\/\/api.w.org\/{rel}","templated":true}]}}