{"id":47951,"date":"2025-10-08T18:54:54","date_gmt":"2025-10-08T21:54:54","guid":{"rendered":"https:\/\/masquenoticiastucuman.com.ar\/?p=47951"},"modified":"2025-10-08T18:54:55","modified_gmt":"2025-10-08T21:54:55","slug":"tras-un-incendio-en-un-descampado-hallaron-15-plantines-de-marihuana","status":"publish","type":"post","link":"https:\/\/masquenoticiastucuman.com.ar\/?p=47951","title":{"rendered":"Tras un incendio en un descampado hallaron 15 plantines de marihuana"},"content":{"rendered":"\n<p>Al intervenir en la tarde del martes en un incendio que se produc\u00eda en dos canchas de f\u00fatbol, los efectivos de la Comisar\u00eda de Alderetes hallaron 15 plantines de marihuana que luego fueron secuestrados por orden de la Justicia Federal.<\/p>\n\n\n\n<p id=\"isPasted\">El siniestro ocurri\u00f3 en la calle Independencia al 800, en Los Guti\u00e9rrez de esta ciudad, donde el personal de Bomberos logr\u00f3 sofocar el fuego sin que se registraran da\u00f1os importantes. Al inspeccionar en el interior del descampado, los efectivos hallaron una precaria construcci\u00f3n en la que hab\u00eda dos tachos pl\u00e1sticos con plantines de marihuana. All\u00ed se encontraba su morador, un joven de 30 a\u00f1os.&nbsp;<\/p>\n\n\n\n<p>Ante el hallazgo de los plantines, los efectivos comunicaron a las autoridades de la Unidad Fiscal de Narcomenudeo quienes dieron intervenci\u00f3n al Juzgado Federal N\u00b02 de Tucum\u00e1n desde donde ordenaron su secuestro por infracci\u00f3n a la Ley N\u00b0 23.737 de Estupefacientes, luego del trabajo especializado que realiz\u00f3 el personal de la Direcci\u00f3n Drogas Peligrosas (Didrop) Este. En cuanto al joven demorado, dispusieron que se soliciten sus antecedentes prontuariales. En tanto, por el incendio intervino la Unidad Fiscal de Delitos Complejos.<\/p>\n\n\n\n<p>El procedimiento policial fue dirigido por el jefe de esta Comisar\u00eda, Comisario Juan Pablo G\u00f3mez, y supervisado por el titular de la Unidad Regional Este, Comisario General Carlos Ruiz.<\/p>\n","protected":false},"excerpt":{"rendered":"<p>Al intervenir en la tarde del martes en un incendio que se produc\u00eda en dos&#8230;<\/p>\n","protected":false},"author":2,"featured_media":0,"comment_status":"open","ping_status":"open","sticky":false,"template":"","format":"standard","meta":{"footnotes":""},"categories":[2],"tags":[],"class_list":["post-47951","post","type-post","status-publish","format-standard","hentry","category-locales"],"_links":{"self":[{"href":"https:\/\/masquenoticiastucuman.com.ar\/index.php?rest_route=\/wp\/v2\/posts\/47951","targetHints":{"allow":["GET"]}}],"collection":[{"href":"https:\/\/masquenoticiastucuman.com.ar\/index.php?rest_route=\/wp\/v2\/posts"}],"about":[{"href":"https:\/\/masquenoticiastucuman.com.ar\/index.php?rest_route=\/wp\/v2\/types\/post"}],"author":[{"embeddable":true,"href":"https:\/\/masquenoticiastucuman.com.ar\/index.php?rest_route=\/wp\/v2\/users\/2"}],"replies":[{"embeddable":true,"href":"https:\/\/masquenoticiastucuman.com.ar\/index.php?rest_route=%2Fwp%2Fv2%2Fcomments&post=47951"}],"version-history":[{"count":1,"href":"https:\/\/masquenoticiastucuman.com.ar\/index.php?rest_route=\/wp\/v2\/posts\/47951\/revisions"}],"predecessor-version":[{"id":47953,"href":"https:\/\/masquenoticiastucuman.com.ar\/index.php?rest_route=\/wp\/v2\/posts\/47951\/revisions\/47953"}],"wp:attachment":[{"href":"https:\/\/masquenoticiastucuman.com.ar\/index.php?rest_route=%2Fwp%2Fv2%2Fmedia&parent=47951"}],"wp:term":[{"taxonomy":"category","embeddable":true,"href":"https:\/\/masquenoticiastucuman.com.ar\/index.php?rest_route=%2Fwp%2Fv2%2Fcategories&post=47951"},{"taxonomy":"post_tag","embeddable":true,"href":"https:\/\/masquenoticiastucuman.com.ar\/index.php?rest_route=%2Fwp%2Fv2%2Ftags&post=47951"}],"curies":[{"name":"wp","href":"https:\/\/api.w.org\/{rel}","templated":true}]}}