{"id":47962,"date":"2025-10-09T07:01:07","date_gmt":"2025-10-09T10:01:07","guid":{"rendered":"http:\/\/masquenoticiastucuman.com.ar\/?p=47962"},"modified":"2025-10-09T07:01:07","modified_gmt":"2025-10-09T10:01:07","slug":"el-empresario-que-es-sinonimo-de-cafe-y-apuesta-fuerte-por-su-pasion-ganadera","status":"publish","type":"post","link":"https:\/\/masquenoticiastucuman.com.ar\/?p=47962","title":{"rendered":"El empresario que es sin\u00f3nimo de caf\u00e9 y apuesta fuerte por su pasi\u00f3n ganadera"},"content":{"rendered":"<ul>\n<li>Adem\u00e1s de procesar 7 millones de kilos de caf\u00e9 por a\u00f1o, Jorge Cabrales es criador de Angus colorados. <\/li>\n<li>Su hijo lanz\u00f3 una marca de carne certificada y planea abrir una &#8220;casa de carnes&#8221;.<\/li>\n<\/ul>","protected":false},"excerpt":{"rendered":"<p>Adem\u00e1s de procesar 7 millones de kilos de caf\u00e9 por a\u00f1o, Jorge Cabrales es criador&#8230;<\/p>\n","protected":false},"author":1,"featured_media":0,"comment_status":"open","ping_status":"open","sticky":false,"template":"","format":"standard","meta":{"footnotes":""},"categories":[],"tags":[],"class_list":["post-47962","post","type-post","status-publish","format-standard","hentry"],"_links":{"self":[{"href":"https:\/\/masquenoticiastucuman.com.ar\/index.php?rest_route=\/wp\/v2\/posts\/47962","targetHints":{"allow":["GET"]}}],"collection":[{"href":"https:\/\/masquenoticiastucuman.com.ar\/index.php?rest_route=\/wp\/v2\/posts"}],"about":[{"href":"https:\/\/masquenoticiastucuman.com.ar\/index.php?rest_route=\/wp\/v2\/types\/post"}],"author":[{"embeddable":true,"href":"https:\/\/masquenoticiastucuman.com.ar\/index.php?rest_route=\/wp\/v2\/users\/1"}],"replies":[{"embeddable":true,"href":"https:\/\/masquenoticiastucuman.com.ar\/index.php?rest_route=%2Fwp%2Fv2%2Fcomments&post=47962"}],"version-history":[{"count":0,"href":"https:\/\/masquenoticiastucuman.com.ar\/index.php?rest_route=\/wp\/v2\/posts\/47962\/revisions"}],"wp:attachment":[{"href":"https:\/\/masquenoticiastucuman.com.ar\/index.php?rest_route=%2Fwp%2Fv2%2Fmedia&parent=47962"}],"wp:term":[{"taxonomy":"category","embeddable":true,"href":"https:\/\/masquenoticiastucuman.com.ar\/index.php?rest_route=%2Fwp%2Fv2%2Fcategories&post=47962"},{"taxonomy":"post_tag","embeddable":true,"href":"https:\/\/masquenoticiastucuman.com.ar\/index.php?rest_route=%2Fwp%2Fv2%2Ftags&post=47962"}],"curies":[{"name":"wp","href":"https:\/\/api.w.org\/{rel}","templated":true}]}}