{"id":47964,"date":"2025-10-09T07:52:49","date_gmt":"2025-10-09T10:52:49","guid":{"rendered":"https:\/\/masquenoticiastucuman.com.ar\/?p=47964"},"modified":"2025-10-09T07:52:50","modified_gmt":"2025-10-09T10:52:50","slug":"en-tucuman-la-gestion-sigue-aseguro-jaldo-desde-san-andres","status":"publish","type":"post","link":"https:\/\/masquenoticiastucuman.com.ar\/?p=47964","title":{"rendered":"\u201cEn Tucum\u00e1n, la gesti\u00f3n sigue\u201d, asegur\u00f3 Jaldo desde San Andr\u00e9s"},"content":{"rendered":"\n<p>El mandatario en uso de licencia visit\u00f3 diferentes puntos de la comuna donde se ejecutaron tareas de infraestructura.<\/p>\n\n\n\n<p>El gobernador en uso de licencia,<strong>&nbsp;Osvaldo Jaldo<\/strong>, visit\u00f3 este mi\u00e9rcoles por la ma\u00f1ana la comuna de San Andr\u00e9s, invitado por el comisionado comunal,&nbsp;<strong>F\u00e9lix Paz<\/strong>, para recorrer obras comunitarias realizadas con aportes del Ministerio de Interior.&nbsp;<\/p>\n\n\n\n<p>En ese marco, el mandatario visit\u00f3 diferentes puntos de la comuna donde se ejecutaron tareas de infraestructura: 18.000 metros cuadrados de adoquines en la zona de la plaza principal de San Andr\u00e9s; 1.800 metros de alumbrado p\u00fablico en avenida Belgrano y avenida San Mart\u00edn; el reemplazo de luminarias en los barrios 210 Viviendas, 56 Viviendas y San Jorge; 500 metros de alumbrado p\u00fablico en Ruta 306 y 300 metros de alumbrado p\u00fablico en avenida 30 de Noviembre.&nbsp;<\/p>\n\n\n\n<p>El mandatario provincial estuvo acompa\u00f1ado por los diputados nacionales&nbsp;<strong>Agust\u00edn Fern\u00e1ndez, Elia Fern\u00e1ndez<\/strong>&nbsp;y&nbsp;<strong>Gladys Medina<\/strong>; el ministro de Interior,&nbsp;<strong>Dar\u00edo Monteros;<\/strong>&nbsp;el secretario de Grandes Comunas,&nbsp;<strong>Marcelo Santill\u00e1n<\/strong>; los legisladores&nbsp;<strong>Marcelo Herrera, Roque Arga\u00f1araz, Carlos G\u00f3mez<\/strong>&nbsp;y<strong>&nbsp;Ger\u00f3nimo Vargas Aignasse<\/strong>; el intendente de Simoca,&nbsp;<strong>Elvio Salazar<\/strong>; y el intendente de Taf\u00ed del Valle,&nbsp;<strong>Francisco Caliva<\/strong>.<\/p>\n\n\n\n<p>\u201cEn Tucum\u00e1n la gesti\u00f3n sigue, por eso hoy estuve visitando la comuna de San Andr\u00e9s, supervisando obras y recorriendo las calles con los vecinos, a quienes les agradecemos mucho el acompa\u00f1amiento\u201d, destac\u00f3 Jaldo y remarc\u00f3 que \u201cSan Andr\u00e9s es una comunidad que ha crecido de manera sustancial en los \u00faltimos a\u00f1os, donde se agregaron barrios completos a los que hay que prestarles servicios y obras, como las que vimos hoy\u201d.&nbsp;<\/p>\n\n\n\n<p>En ese marco, el Gobernador en uso de licencia subray\u00f3 que las inversiones en el interior fueron posibles gracias a la administraci\u00f3n eficiente del presupuesto provincial. \u201cEl Gobierno, primero, sane\u00f3 sus finanzas, hoy tenemos equilibrio fiscal y super\u00e1vit, y a ese super\u00e1vit lo mandamos a las comunas para que los comisionados puedan hacer obras\u201d.<\/p>\n\n\n\n<figure class=\"wp-block-image size-large\"><img decoding=\"async\" src=\"https:\/\/masquenoticiastucuman.com.ar\/wp-content\/uploads\/2025\/10\/251008131408_69831-1024x682.jpeg\" alt=\"\" class=\"wp-image-47965\" \/><\/figure>\n\n\n\n<p>En esa l\u00ednea, Jaldo subray\u00f3 que \u201clos esfuerzos apuntan a un solo objetivo: mejorar la calidad de vida de los que viven en esta hermosa y querida comunidad de San Andr\u00e9s\u201d.<\/p>\n\n\n\n<p>Por su parte, el comisionado comunal, F\u00e9lix Paz, detall\u00f3: \u201cHemos hecho m\u00e1s de 20.000 metros cuadrados de adoquines. Estamos trabajando en las avenidas principales, la Belgrano y San Mart\u00edn, que de terminar esas avenidas sumar\u00edan 18.000 metros cuadrados m\u00e1s\u201d, en referencia a las obras que visit\u00f3 Jaldo.<\/p>\n\n\n\n<p>Adem\u00e1s, recalc\u00f3 la instalaci\u00f3n del nuevo servicio de alumbrado p\u00fablico, \u201cun tendido de 1.800 metros en esas mismas avenidas ya funcionando, y tambi\u00e9n en la Ruta 306. Tenemos muchas obras en marcha\u201d.&nbsp;<\/p>\n\n\n\n<p>Paz, por \u00faltimo, celebr\u00f3 \u201cla forma en la que trabaja la comuna de San Andr\u00e9s, con recursos propios de la Provincia, como lo pide siempre el gobernador Jaldo\u201d.<\/p>\n\n\n\n<figure class=\"wp-block-image size-large\"><img decoding=\"async\" src=\"https:\/\/masquenoticiastucuman.com.ar\/wp-content\/uploads\/2025\/10\/251008131417_17950-1024x682.jpeg\" alt=\"\" class=\"wp-image-47966\" \/><\/figure>\n","protected":false},"excerpt":{"rendered":"<p>El mandatario en uso de licencia visit\u00f3 diferentes puntos de la comuna donde se ejecutaron&#8230;<\/p>\n","protected":false},"author":2,"featured_media":0,"comment_status":"open","ping_status":"open","sticky":false,"template":"","format":"standard","meta":{"footnotes":""},"categories":[2],"tags":[],"class_list":["post-47964","post","type-post","status-publish","format-standard","hentry","category-locales"],"_links":{"self":[{"href":"https:\/\/masquenoticiastucuman.com.ar\/index.php?rest_route=\/wp\/v2\/posts\/47964","targetHints":{"allow":["GET"]}}],"collection":[{"href":"https:\/\/masquenoticiastucuman.com.ar\/index.php?rest_route=\/wp\/v2\/posts"}],"about":[{"href":"https:\/\/masquenoticiastucuman.com.ar\/index.php?rest_route=\/wp\/v2\/types\/post"}],"author":[{"embeddable":true,"href":"https:\/\/masquenoticiastucuman.com.ar\/index.php?rest_route=\/wp\/v2\/users\/2"}],"replies":[{"embeddable":true,"href":"https:\/\/masquenoticiastucuman.com.ar\/index.php?rest_route=%2Fwp%2Fv2%2Fcomments&post=47964"}],"version-history":[{"count":1,"href":"https:\/\/masquenoticiastucuman.com.ar\/index.php?rest_route=\/wp\/v2\/posts\/47964\/revisions"}],"predecessor-version":[{"id":47968,"href":"https:\/\/masquenoticiastucuman.com.ar\/index.php?rest_route=\/wp\/v2\/posts\/47964\/revisions\/47968"}],"wp:attachment":[{"href":"https:\/\/masquenoticiastucuman.com.ar\/index.php?rest_route=%2Fwp%2Fv2%2Fmedia&parent=47964"}],"wp:term":[{"taxonomy":"category","embeddable":true,"href":"https:\/\/masquenoticiastucuman.com.ar\/index.php?rest_route=%2Fwp%2Fv2%2Fcategories&post=47964"},{"taxonomy":"post_tag","embeddable":true,"href":"https:\/\/masquenoticiastucuman.com.ar\/index.php?rest_route=%2Fwp%2Fv2%2Ftags&post=47964"}],"curies":[{"name":"wp","href":"https:\/\/api.w.org\/{rel}","templated":true}]}}