{"id":47977,"date":"2025-10-09T09:31:05","date_gmt":"2025-10-09T12:31:05","guid":{"rendered":"http:\/\/masquenoticiastucuman.com.ar\/?p=47977"},"modified":"2025-10-09T09:31:05","modified_gmt":"2025-10-09T12:31:05","slug":"a-salas-le-bajaron-la-sancion-en-la-afa-y-gallardo-recupera-jugadores-en-river-para-jugar-ante-sarmiento-de-junin-por-el-torneo-clausura","status":"publish","type":"post","link":"https:\/\/masquenoticiastucuman.com.ar\/?p=47977","title":{"rendered":"A Salas le bajaron la sanci\u00f3n en la AFA y Gallardo recupera jugadores en River para jugar ante Sarmiento de Jun\u00edn por el Torneo Clausura"},"content":{"rendered":"<ul>\n<li>Lo public\u00f3 el Bolet\u00edn del Tribunal de Disciplina, por su expulsi\u00f3n contra Deportivo Riestra.<\/li>\n<li>Qu\u00e9 equipo pondr\u00e1 el domingo en el Monumental.<\/li>\n<\/ul>\n<p>\u200bLo public\u00f3 el Bolet\u00edn del Tribunal de Disciplina, por su expulsi\u00f3n contra Deportivo Riestra.Qu\u00e9 equipo pondr\u00e1 el domingo en el Monumental.\u00a0<a href=\"https:\/\/www.clarin.com\/deportes\/salas-bajaron-sancion-afa-gallardo-recupera-jugadores-river-jugar-sarmiento-junin-torneo-clausura_0_ioPZH92Ywz.html\" target=\"_blank\" class=\"feedzy-rss-link-icon\">Read More<\/a><\/p>","protected":false},"excerpt":{"rendered":"<p>Lo public\u00f3 el Bolet\u00edn del Tribunal de Disciplina, por su expulsi\u00f3n contra Deportivo Riestra. Qu\u00e9&#8230;<\/p>\n","protected":false},"author":1,"featured_media":0,"comment_status":"open","ping_status":"open","sticky":false,"template":"","format":"standard","meta":{"footnotes":""},"categories":[1],"tags":[],"class_list":["post-47977","post","type-post","status-publish","format-standard","hentry","category-uncategorized"],"_links":{"self":[{"href":"https:\/\/masquenoticiastucuman.com.ar\/index.php?rest_route=\/wp\/v2\/posts\/47977","targetHints":{"allow":["GET"]}}],"collection":[{"href":"https:\/\/masquenoticiastucuman.com.ar\/index.php?rest_route=\/wp\/v2\/posts"}],"about":[{"href":"https:\/\/masquenoticiastucuman.com.ar\/index.php?rest_route=\/wp\/v2\/types\/post"}],"author":[{"embeddable":true,"href":"https:\/\/masquenoticiastucuman.com.ar\/index.php?rest_route=\/wp\/v2\/users\/1"}],"replies":[{"embeddable":true,"href":"https:\/\/masquenoticiastucuman.com.ar\/index.php?rest_route=%2Fwp%2Fv2%2Fcomments&post=47977"}],"version-history":[{"count":0,"href":"https:\/\/masquenoticiastucuman.com.ar\/index.php?rest_route=\/wp\/v2\/posts\/47977\/revisions"}],"wp:attachment":[{"href":"https:\/\/masquenoticiastucuman.com.ar\/index.php?rest_route=%2Fwp%2Fv2%2Fmedia&parent=47977"}],"wp:term":[{"taxonomy":"category","embeddable":true,"href":"https:\/\/masquenoticiastucuman.com.ar\/index.php?rest_route=%2Fwp%2Fv2%2Fcategories&post=47977"},{"taxonomy":"post_tag","embeddable":true,"href":"https:\/\/masquenoticiastucuman.com.ar\/index.php?rest_route=%2Fwp%2Fv2%2Ftags&post=47977"}],"curies":[{"name":"wp","href":"https:\/\/api.w.org\/{rel}","templated":true}]}}