{"id":47981,"date":"2025-10-09T10:27:22","date_gmt":"2025-10-09T13:27:22","guid":{"rendered":"https:\/\/masquenoticiastucuman.com.ar\/?p=47981"},"modified":"2025-10-09T10:27:23","modified_gmt":"2025-10-09T13:27:23","slug":"acevedo-tucuman-se-viste-de-gala-para-recibir-al-mejor-tenis-femenino-del-mundo","status":"publish","type":"post","link":"https:\/\/masquenoticiastucuman.com.ar\/?p=47981","title":{"rendered":"Acevedo: \u201cTucum\u00e1n se viste de gala para recibir al mejor tenis femenino del mundo\u201d"},"content":{"rendered":"\n<p>El vicegobernador encabez\u00f3 el lanzamiento del Tucum\u00e1n Open WTA 125K junto a Mercedes Paz y Mart\u00edn Jaite. El torneo internacional se jugar\u00e1 del 3 al 9 de noviembre con jugadoras de m\u00e1s de 18 pa\u00edses.<\/p>\n\n\n\n<p id=\"isPasted\">El vicegobernador a cargo del Poder Ejecutivo,&nbsp;<strong>Miguel Acevedo<\/strong>, particip\u00f3 junto a la extenista y directora ejecutiva del certamen,&nbsp;<strong>Mercedes Paz,&nbsp;<\/strong>del lanzamiento oficial del Tucum\u00e1n Open WTA 125K, que se desarrollar\u00e1 del 3 al 9 de noviembre en las instalaciones del Tucum\u00e1n Lawn Tennis Club.<\/p>\n\n\n\n<figure class=\"wp-block-image size-large\"><img decoding=\"async\" src=\"https:\/\/masquenoticiastucuman.com.ar\/wp-content\/uploads\/2025\/10\/251008133528_53460-1024x683.jpg\" alt=\"\" class=\"wp-image-47982\" \/><\/figure>\n\n\n\n<p>El evento cont\u00f3 adem\u00e1s con la presencia del presidente del Ente Aut\u00e1rquico Tucum\u00e1n Turismo,&nbsp;<strong>Domingo Amaya<\/strong>; el presidente de la Federaci\u00f3n Econ\u00f3mica de Tucum\u00e1n,&nbsp;<strong>H\u00e9ctor Vi\u00f1uales<\/strong>; los legisladores provinciales&nbsp;<strong>Alberto Olea<\/strong>&nbsp;y&nbsp;<strong>Walter Berarducci<\/strong>; el presidente de la Asociaci\u00f3n Tucumana de Tenis,&nbsp;<strong>Augusto Arques<\/strong>; el director del torneo,&nbsp;<strong>Mariano Inc<\/strong>; el presidente del Tucum\u00e1n Lawn Tennis,&nbsp;<strong>Jorge Chein<\/strong>; y el extenista&nbsp;<strong>Mart\u00edn Jaite<\/strong>, director del certamen en Argentina y representante de la empresa Tennium, organizadora del evento.<\/p>\n\n\n\n<p>El Tucum\u00e1n Open WTA 125K forma parte del circuito internacional de tenis femenino m\u00e1s importante del mundo, el WTA Tour, que reparte 115.000 d\u00f3lares en premios y 649 puntos para el ranking mundial, actualmente liderado por&nbsp;<strong>Aryna Sabalenka.<\/strong><\/p>\n\n\n\n<p>El cuadro principal estar\u00e1 integrado por 32 jugadoras en singles y 16 parejas en dobles, con la participaci\u00f3n de tenistas de m\u00e1s de 18 pa\u00edses. Entre las argentinas confirmadas se encuentran&nbsp;<strong>Solana Sierra, Lourdes Carl\u00e9, Julia Riera, Luisina Giovanini&nbsp;<\/strong>y&nbsp;<strong>Jazm\u00edn Ortenzi<\/strong>, entre otras.<\/p>\n\n\n\n<p>Este certamen \u2014que llega a Tucum\u00e1n luego de que la fecha originalmente prevista para Bolivia fuera cancelada\u2014 representa una oportunidad hist\u00f3rica para la provincia, que se suma al calendario internacional junto con Buenos Aires, donde tambi\u00e9n se realiza el Argentina Open WTA.<\/p>\n\n\n\n<p>El torneo ser\u00e1 transmitido por la se\u00f1al internacional SPIER y posicionar\u00e1 a Tucum\u00e1n en la escena del deporte mundial.<\/p>\n\n\n\n<p>\u201cDesde el Gobierno y la Legislatura apoyamos la realizaci\u00f3n de este gran torneo internacional. Gracias a la gesti\u00f3n de Mercedes Paz y al esfuerzo conjunto con el sector privado, Tucum\u00e1n podr\u00e1 recibir a las mejores jugadoras del mundo. Este tipo de competencias no solo visibiliza a la provincia a nivel global, sino que tambi\u00e9n dinamiza nuestra econom\u00eda, genera empleo y fomenta el turismo deportivo. Vamos a poner todo el esfuerzo para que el Tucum\u00e1n Open sea un \u00e9xito y tenga continuidad en los pr\u00f3ximos a\u00f1os. Del 3 al 9 de noviembre, Tucum\u00e1n se viste de gala para recibir al mejor tenis femenino del mundo\u201d, sostuvo Acevedo.<\/p>\n\n\n\n<p>Por su parte, Mercedes Paz subray\u00f3 la relevancia hist\u00f3rica del torneo para el deporte tucumano y argentino: \u201cEs la primera vez que Tucum\u00e1n ser\u00e1 sede de un evento de esta jerarqu\u00eda. Formar parte de la gira sudamericana del WTA es un logro enorme. Logramos que Tennium elija a nuestra provincia como sede del norte argentino tras la cancelaci\u00f3n en Bolivia. Argentina tendr\u00e1 por primera vez dos torneos internacionales: el de Tucum\u00e1n y el de Buenos Aires. Tendremos jugadoras de m\u00e1s de 18 pa\u00edses y varias argentinas clasificadas directamente por ranking. Para m\u00ed, como capitana del equipo nacional, es un orgullo que nuestro pa\u00eds y nuestra provincia tengan este nivel de competencia\u201d.<\/p>\n\n\n\n<p>En tanto, Mart\u00edn Jaite, exn\u00famero 10 del mundo y director del torneo, celebr\u00f3 el crecimiento del tenis femenino argentino: \u201cHace cinco a\u00f1os, cuando comenzamos con los torneos WTA en Buenos Aires, ninguna jugadora argentina clasificaba por ranking. Hoy, gracias al desarrollo del tenis nacional, tendremos al menos tres argentinas directamente en el cuadro principal. Este crecimiento se logra con tiempo, trabajo y continuidad, y por eso decidimos expandirnos hacia Tucum\u00e1n. Es una provincia con historia, con una referente como Mercedes Paz, y con un club que tiene todo para organizar un evento de esta magnitud\u201d.<\/p>\n\n\n\n<p>Con esta iniciativa, Tucum\u00e1n se consolida como un polo deportivo y tur\u00edstico, capaz de albergar competencias internacionales que fortalecen la imagen de la provincia en el mundo.<\/p>\n","protected":false},"excerpt":{"rendered":"<p>El vicegobernador encabez\u00f3 el lanzamiento del Tucum\u00e1n Open WTA 125K junto a Mercedes Paz y&#8230;<\/p>\n","protected":false},"author":2,"featured_media":0,"comment_status":"open","ping_status":"open","sticky":false,"template":"","format":"standard","meta":{"footnotes":""},"categories":[2],"tags":[],"class_list":["post-47981","post","type-post","status-publish","format-standard","hentry","category-locales"],"_links":{"self":[{"href":"https:\/\/masquenoticiastucuman.com.ar\/index.php?rest_route=\/wp\/v2\/posts\/47981","targetHints":{"allow":["GET"]}}],"collection":[{"href":"https:\/\/masquenoticiastucuman.com.ar\/index.php?rest_route=\/wp\/v2\/posts"}],"about":[{"href":"https:\/\/masquenoticiastucuman.com.ar\/index.php?rest_route=\/wp\/v2\/types\/post"}],"author":[{"embeddable":true,"href":"https:\/\/masquenoticiastucuman.com.ar\/index.php?rest_route=\/wp\/v2\/users\/2"}],"replies":[{"embeddable":true,"href":"https:\/\/masquenoticiastucuman.com.ar\/index.php?rest_route=%2Fwp%2Fv2%2Fcomments&post=47981"}],"version-history":[{"count":1,"href":"https:\/\/masquenoticiastucuman.com.ar\/index.php?rest_route=\/wp\/v2\/posts\/47981\/revisions"}],"predecessor-version":[{"id":47984,"href":"https:\/\/masquenoticiastucuman.com.ar\/index.php?rest_route=\/wp\/v2\/posts\/47981\/revisions\/47984"}],"wp:attachment":[{"href":"https:\/\/masquenoticiastucuman.com.ar\/index.php?rest_route=%2Fwp%2Fv2%2Fmedia&parent=47981"}],"wp:term":[{"taxonomy":"category","embeddable":true,"href":"https:\/\/masquenoticiastucuman.com.ar\/index.php?rest_route=%2Fwp%2Fv2%2Fcategories&post=47981"},{"taxonomy":"post_tag","embeddable":true,"href":"https:\/\/masquenoticiastucuman.com.ar\/index.php?rest_route=%2Fwp%2Fv2%2Ftags&post=47981"}],"curies":[{"name":"wp","href":"https:\/\/api.w.org\/{rel}","templated":true}]}}