{"id":47985,"date":"2025-10-09T11:01:01","date_gmt":"2025-10-09T14:01:01","guid":{"rendered":"http:\/\/masquenoticiastucuman.com.ar\/?p=47985"},"modified":"2025-10-09T11:01:01","modified_gmt":"2025-10-09T14:01:01","slug":"nunca-vimos-a-los-trigos-asi-historica-proyeccion-para-uno-de-los-principales-cereales-que-se-producen-en-argentina","status":"publish","type":"post","link":"https:\/\/masquenoticiastucuman.com.ar\/?p=47985","title":{"rendered":"&#8220;Nunca vimos a los trigos as\u00ed&#8221;: hist\u00f3rica proyecci\u00f3n para uno de los principales cereales que se producen en Argentina"},"content":{"rendered":"<ul>\n<li>La primera estimaci\u00f3n de la Bolsa de Comercio de Rosario iguala el r\u00e9cord productivo de la campa\u00f1a 2021\/22.<\/li>\n<li> La mayor\u00eda de las zonas trigueras muestran un potencial in\u00e9dito, aunque los excesos h\u00eddricos en Buenos Aires recortan \u00e1rea.<\/li>\n<\/ul>","protected":false},"excerpt":{"rendered":"<p>La primera estimaci\u00f3n de la Bolsa de Comercio de Rosario iguala el r\u00e9cord productivo de&#8230;<\/p>\n","protected":false},"author":1,"featured_media":0,"comment_status":"open","ping_status":"open","sticky":false,"template":"","format":"standard","meta":{"footnotes":""},"categories":[],"tags":[],"class_list":["post-47985","post","type-post","status-publish","format-standard","hentry"],"_links":{"self":[{"href":"https:\/\/masquenoticiastucuman.com.ar\/index.php?rest_route=\/wp\/v2\/posts\/47985","targetHints":{"allow":["GET"]}}],"collection":[{"href":"https:\/\/masquenoticiastucuman.com.ar\/index.php?rest_route=\/wp\/v2\/posts"}],"about":[{"href":"https:\/\/masquenoticiastucuman.com.ar\/index.php?rest_route=\/wp\/v2\/types\/post"}],"author":[{"embeddable":true,"href":"https:\/\/masquenoticiastucuman.com.ar\/index.php?rest_route=\/wp\/v2\/users\/1"}],"replies":[{"embeddable":true,"href":"https:\/\/masquenoticiastucuman.com.ar\/index.php?rest_route=%2Fwp%2Fv2%2Fcomments&post=47985"}],"version-history":[{"count":0,"href":"https:\/\/masquenoticiastucuman.com.ar\/index.php?rest_route=\/wp\/v2\/posts\/47985\/revisions"}],"wp:attachment":[{"href":"https:\/\/masquenoticiastucuman.com.ar\/index.php?rest_route=%2Fwp%2Fv2%2Fmedia&parent=47985"}],"wp:term":[{"taxonomy":"category","embeddable":true,"href":"https:\/\/masquenoticiastucuman.com.ar\/index.php?rest_route=%2Fwp%2Fv2%2Fcategories&post=47985"},{"taxonomy":"post_tag","embeddable":true,"href":"https:\/\/masquenoticiastucuman.com.ar\/index.php?rest_route=%2Fwp%2Fv2%2Ftags&post=47985"}],"curies":[{"name":"wp","href":"https:\/\/api.w.org\/{rel}","templated":true}]}}