{"id":47987,"date":"2025-10-09T11:06:35","date_gmt":"2025-10-09T14:06:35","guid":{"rendered":"https:\/\/masquenoticiastucuman.com.ar\/?p=47987"},"modified":"2025-10-09T11:06:36","modified_gmt":"2025-10-09T14:06:36","slug":"la-policia-detuvo-a-un-hombre-que-portaba-marihuana-y-cocaina","status":"publish","type":"post","link":"https:\/\/masquenoticiastucuman.com.ar\/?p=47987","title":{"rendered":"La Polic\u00eda detuvo a un hombre que portaba marihuana y coca\u00edna"},"content":{"rendered":"\n<p>El procedimiento fue realizado por personal de la Direcci\u00f3n Drogas Peligrosas Sur, en Concepci\u00f3n. El causante trasladaba marihuana (equivalente a 48 dosis) y coca\u00edna (equivalente a doce dosis).<\/p>\n\n\n\n<p>En circunstancias que une quipo de la Unidad Especial realizaba tareas preventivas en el \u00e1mbito jurisdiccional de la Perla del Sur, con recorridos y eventuales controles de identidad y vehicular, interceptaron a un hombre para identificarlo. Al realizarle el palpado de rutina, hallaron entre sus prendas las sustancias prohibidas.<\/p>\n\n\n\n<p>Por este motivo el infractor fue trasladado hacia la Unidad Especial donde fue puesto a disposici\u00f3n del \u00f3rgano judicial competente que orden\u00f3 el secuestro de la droga, se consulte sus datos al Sistema Federal de Comunicaciones Policiales (SIFCOP) y se designe un abogado defensor.<\/p>\n","protected":false},"excerpt":{"rendered":"<p>El procedimiento fue realizado por personal de la Direcci\u00f3n Drogas Peligrosas Sur, en Concepci\u00f3n. El&#8230;<\/p>\n","protected":false},"author":2,"featured_media":0,"comment_status":"open","ping_status":"open","sticky":false,"template":"","format":"standard","meta":{"footnotes":""},"categories":[2],"tags":[],"class_list":["post-47987","post","type-post","status-publish","format-standard","hentry","category-locales"],"_links":{"self":[{"href":"https:\/\/masquenoticiastucuman.com.ar\/index.php?rest_route=\/wp\/v2\/posts\/47987","targetHints":{"allow":["GET"]}}],"collection":[{"href":"https:\/\/masquenoticiastucuman.com.ar\/index.php?rest_route=\/wp\/v2\/posts"}],"about":[{"href":"https:\/\/masquenoticiastucuman.com.ar\/index.php?rest_route=\/wp\/v2\/types\/post"}],"author":[{"embeddable":true,"href":"https:\/\/masquenoticiastucuman.com.ar\/index.php?rest_route=\/wp\/v2\/users\/2"}],"replies":[{"embeddable":true,"href":"https:\/\/masquenoticiastucuman.com.ar\/index.php?rest_route=%2Fwp%2Fv2%2Fcomments&post=47987"}],"version-history":[{"count":1,"href":"https:\/\/masquenoticiastucuman.com.ar\/index.php?rest_route=\/wp\/v2\/posts\/47987\/revisions"}],"predecessor-version":[{"id":47989,"href":"https:\/\/masquenoticiastucuman.com.ar\/index.php?rest_route=\/wp\/v2\/posts\/47987\/revisions\/47989"}],"wp:attachment":[{"href":"https:\/\/masquenoticiastucuman.com.ar\/index.php?rest_route=%2Fwp%2Fv2%2Fmedia&parent=47987"}],"wp:term":[{"taxonomy":"category","embeddable":true,"href":"https:\/\/masquenoticiastucuman.com.ar\/index.php?rest_route=%2Fwp%2Fv2%2Fcategories&post=47987"},{"taxonomy":"post_tag","embeddable":true,"href":"https:\/\/masquenoticiastucuman.com.ar\/index.php?rest_route=%2Fwp%2Fv2%2Ftags&post=47987"}],"curies":[{"name":"wp","href":"https:\/\/api.w.org\/{rel}","templated":true}]}}