{"id":47990,"date":"2025-10-09T11:28:55","date_gmt":"2025-10-09T14:28:55","guid":{"rendered":"https:\/\/masquenoticiastucuman.com.ar\/?p=47990"},"modified":"2025-10-09T11:28:55","modified_gmt":"2025-10-09T14:28:55","slug":"asi-funcionaran-los-servicios-municipales-por-el-feriado-del-viernes-10-de-octubre","status":"publish","type":"post","link":"https:\/\/masquenoticiastucuman.com.ar\/?p=47990","title":{"rendered":"As\u00ed funcionar\u00e1n los servicios municipales por el feriado del viernes 10 de octubre"},"content":{"rendered":"\n<p>Las actividades de la administraci\u00f3n municipal y algunos servicios quedar\u00e1n reducidos debido al traslado del feriado por el D\u00eda del Respeto a la Diversidad Cultural<\/p>\n\n\n\n<p>El viernes 10 de octubre es feriado por el traslado del D\u00eda del Respeto a la Diversidad Cultural, que se conmemora el 12 de octubre. En este marco, los servicios de la Municipalidad de San Miguel de Tucum\u00e1n se brindar\u00e1n de la siguiente manera:<\/p>\n\n\n\n<p><strong>Asistencia P\u00fablica (Chacabuco 239): <\/strong>no habr\u00e1 atenci\u00f3n en consultorios. Se atender\u00e1n emergencias en la guardia m\u00e9dica, de enfermer\u00eda y odontolog\u00eda, que funciona las 24 horas, todos los d\u00edas. Se solicita concurrir con DNI y barbijo.<\/p>\n\n\n\n<p><strong>\u00d3mnibus:<\/strong> circular\u00e1n de manera reducida, con la frecuencia de los domingos.<\/p>\n\n\n\n<p><strong>Recolecci\u00f3n de Residuos<\/strong>: No habr\u00e1 servicio de recolecci\u00f3n de residuos el viernes 10 de octubre. El s\u00e1bado ser\u00e1 normal.<\/p>\n\n\n\n<p><strong>Cementerios municipales:<\/strong> los cementerios del Norte (Juan B. Justo y M\u00e9xico), del Oeste (Asunci\u00f3n 150) y Jard\u00edn (Eduardo Wilde al 300), abrir\u00e1n en su horario normal de 8 a 12 h y 15 a 18 h.<\/p>\n\n\n\n<p><strong>Mercado Municipal Dorrego (avenida Roca y Marina Alfaro): <\/strong>abrir\u00e1 de 9 a 15.30 h.<\/p>\n\n\n\n<p><strong>Oficina de la Direcci\u00f3n de Respuesta R\u00e1pida (San Lorenzo 1270):<\/strong> no habr\u00e1 atenci\u00f3n presencial, al igual que en otras oficinas administrativas de la comuna capitalina.<\/p>\n\n\n\n<p><strong>Recepci\u00f3n de reclamos<\/strong>: se recuerda a los vecinos que a trav\u00e9s de la App Ciudad SMT pueden realizar pedidos y reclamos sobre diversos temas, como estado de calles, alumbrado p\u00fablico, basurales, tr\u00e1nsito, arbolado, sem\u00e1foros y transporte, entre otros.<\/p>\n\n\n\n<p><\/p>\n","protected":false},"excerpt":{"rendered":"<p>Las actividades de la administraci\u00f3n municipal y algunos servicios quedar\u00e1n reducidos debido al traslado del&#8230;<\/p>\n","protected":false},"author":2,"featured_media":0,"comment_status":"open","ping_status":"open","sticky":false,"template":"","format":"standard","meta":{"footnotes":""},"categories":[2],"tags":[],"class_list":["post-47990","post","type-post","status-publish","format-standard","hentry","category-locales"],"_links":{"self":[{"href":"https:\/\/masquenoticiastucuman.com.ar\/index.php?rest_route=\/wp\/v2\/posts\/47990","targetHints":{"allow":["GET"]}}],"collection":[{"href":"https:\/\/masquenoticiastucuman.com.ar\/index.php?rest_route=\/wp\/v2\/posts"}],"about":[{"href":"https:\/\/masquenoticiastucuman.com.ar\/index.php?rest_route=\/wp\/v2\/types\/post"}],"author":[{"embeddable":true,"href":"https:\/\/masquenoticiastucuman.com.ar\/index.php?rest_route=\/wp\/v2\/users\/2"}],"replies":[{"embeddable":true,"href":"https:\/\/masquenoticiastucuman.com.ar\/index.php?rest_route=%2Fwp%2Fv2%2Fcomments&post=47990"}],"version-history":[{"count":1,"href":"https:\/\/masquenoticiastucuman.com.ar\/index.php?rest_route=\/wp\/v2\/posts\/47990\/revisions"}],"predecessor-version":[{"id":47992,"href":"https:\/\/masquenoticiastucuman.com.ar\/index.php?rest_route=\/wp\/v2\/posts\/47990\/revisions\/47992"}],"wp:attachment":[{"href":"https:\/\/masquenoticiastucuman.com.ar\/index.php?rest_route=%2Fwp%2Fv2%2Fmedia&parent=47990"}],"wp:term":[{"taxonomy":"category","embeddable":true,"href":"https:\/\/masquenoticiastucuman.com.ar\/index.php?rest_route=%2Fwp%2Fv2%2Fcategories&post=47990"},{"taxonomy":"post_tag","embeddable":true,"href":"https:\/\/masquenoticiastucuman.com.ar\/index.php?rest_route=%2Fwp%2Fv2%2Ftags&post=47990"}],"curies":[{"name":"wp","href":"https:\/\/api.w.org\/{rel}","templated":true}]}}